{"id":4964,"date":"2025-04-02T22:29:38","date_gmt":"2025-04-03T01:29:38","guid":{"rendered":"https:\/\/www.cudecoop.coop\/cudecoop\/?p=4964"},"modified":"2025-05-29T12:24:50","modified_gmt":"2025-05-29T15:24:50","slug":"participacion-uruguaya-en-el-consejo-de-administracion-de-cooperativas-de-las-americas","status":"publish","type":"post","link":"https:\/\/www.cudecoop.coop\/cudecoop\/participacion-uruguaya-en-el-consejo-de-administracion-de-cooperativas-de-las-americas\/","title":{"rendered":"Participaci\u00f3n uruguaya en el Consejo de Administraci\u00f3n de Cooperativas de las Am\u00e9ricas"},"content":{"rendered":"<p>Representantes del movimiento cooperativo uruguayo se encuentran trabajando en en Rep\u00fablica Dominicana en el Consejo de Administraci\u00f3n de Cooperativas de las Am\u00e9ricas.<\/p>\n<p>Quienes participan son representantes en Redes y Comit\u00e9s tem\u00e1ticos. Entre los representantes se encuentran:<br \/>\nDel Comit\u00e9 Ejecutivo de CUDECOOP, Hugo Monta\u00f1o, presidente, Juan Carlos Canessa, Secretario, y Fredy Rondan, Tesorero.<\/p>\n<p>Junto a Alicia Maneiro en el Comit\u00e9 de Vivienda, Marisol Fuentes en el Comit\u00e9 de Cooperativas de Producci\u00f3n de Am\u00e9rica (CICOPA), \u00c1ngeles Dati en el Comit\u00e9 Regional de Equidad de G\u00e9nero (CREG) y Pablo Perdomo, en la organizaci\u00f3n sectorial de cooperativas agropecuarias (REDACOOP), Ad\u00e1n Mart\u00ednez en el Comit\u00e9 de Finanzas (COFIA) y suplente de Cudecoop en el Consejo por CONFIAR, y Ismael Castellanos en el Comit\u00e9 de Vivienda.<\/p>\n","protected":false},"excerpt":{"rendered":"<p>Representantes del movimiento cooperativo uruguayo se encuentran trabajando en en Rep\u00fablica Dominicana en el Consejo de Administraci\u00f3n de Cooperativas de las Am\u00e9ricas. Quienes participan son representantes en Redes y Comit\u00e9s tem\u00e1ticos. Entre los representantes se encuentran:<br \/> Del Comit\u00e9 Ejecutivo de CUDECOOP, Hugo Monta\u00f1o, presidente, Juan Carlos Canessa, Secretario, y Fredy Rondan, Tesorero. Junto a Alicia Maneiro en el Comit\u00e9 de Vivienda, Marisol Fuentes en el Comit\u00e9 de Cooperativas de Producci\u00f3n de Am\u00e9rica (CICOPA), \u00c1ngeles Dati en el Comit\u00e9 Regional de Equidad de G\u00e9nero (CREG) y Pablo Perdomo, en la organizaci\u00f3n sectorial de cooperativas agropecuarias (REDACOOP), Ad\u00e1n Mart\u00ednez en el [&#8230;]<\/p>\n","protected":false},"author":27,"featured_media":4981,"comment_status":"open","ping_status":"open","sticky":false,"template":"","format":"standard","meta":{"_acf_changed":false,"ngg_post_thumbnail":0,"footnotes":""},"categories":[7,6,1],"tags":[],"class_list":["post-4964","post","type-post","status-publish","format-standard","has-post-thumbnail","hentry","category-cooperativas","category-institucionales","category-noticias"],"acf":[],"_links":{"self":[{"href":"https:\/\/www.cudecoop.coop\/cudecoop\/wp-json\/wp\/v2\/posts\/4964","targetHints":{"allow":["GET"]}}],"collection":[{"href":"https:\/\/www.cudecoop.coop\/cudecoop\/wp-json\/wp\/v2\/posts"}],"about":[{"href":"https:\/\/www.cudecoop.coop\/cudecoop\/wp-json\/wp\/v2\/types\/post"}],"author":[{"embeddable":true,"href":"https:\/\/www.cudecoop.coop\/cudecoop\/wp-json\/wp\/v2\/users\/27"}],"replies":[{"embeddable":true,"href":"https:\/\/www.cudecoop.coop\/cudecoop\/wp-json\/wp\/v2\/comments?post=4964"}],"version-history":[{"count":3,"href":"https:\/\/www.cudecoop.coop\/cudecoop\/wp-json\/wp\/v2\/posts\/4964\/revisions"}],"predecessor-version":[{"id":4972,"href":"https:\/\/www.cudecoop.coop\/cudecoop\/wp-json\/wp\/v2\/posts\/4964\/revisions\/4972"}],"wp:featuredmedia":[{"embeddable":true,"href":"https:\/\/www.cudecoop.coop\/cudecoop\/wp-json\/wp\/v2\/media\/4981"}],"wp:attachment":[{"href":"https:\/\/www.cudecoop.coop\/cudecoop\/wp-json\/wp\/v2\/media?parent=4964"}],"wp:term":[{"taxonomy":"category","embeddable":true,"href":"https:\/\/www.cudecoop.coop\/cudecoop\/wp-json\/wp\/v2\/categories?post=4964"},{"taxonomy":"post_tag","embeddable":true,"href":"https:\/\/www.cudecoop.coop\/cudecoop\/wp-json\/wp\/v2\/tags?post=4964"}],"curies":[{"name":"wp","href":"https:\/\/api.w.org\/{rel}","templated":true}]}}