{"id":4942,"date":"2025-03-25T16:51:37","date_gmt":"2025-03-25T19:51:37","guid":{"rendered":"https:\/\/www.cudecoop.coop\/cudecoop\/?p=4942"},"modified":"2025-03-28T16:49:01","modified_gmt":"2025-03-28T19:49:01","slug":"llamado-a-coordinacion-general-para-cudecoop","status":"publish","type":"post","link":"https:\/\/www.cudecoop.coop\/cudecoop\/llamado-a-coordinacion-general-para-cudecoop\/","title":{"rendered":"Llamado a Coordinaci\u00f3n General para Cudecoop"},"content":{"rendered":"<p>Convocamos a aspirantes a postularse al llamado a ocupar el cargo de Coordinador\/a General para Cudecoop.<\/p>\n<p>Las postulaciones ser\u00e1n recibidas por correo electr\u00f3nico a trav\u00e9s de <span style=\"font-size: 1rem;\">cudecoop@cudecoop.coop, con el asunto \u201cCOORDINADOR\/A GENERAL\u201d.<\/span><\/p>\n<p>El plazo para enviar las postulaciones vence el 9 de mayo a las 23:59 hs<\/p>\n<p>Ver aqu\u00ed <a href=\"http:\/\/www.cudecoop.coop\/cudecoop\/wp-content\/uploads\/2025\/03\/Terminos-de-Referencia-1.pdf\">T\u00e9rminos de Referencia<\/a><\/p>\n<p><!--more--><\/p>\n","protected":false},"excerpt":{"rendered":"<p>Convocamos a aspirantes a postularse al llamado a ocupar el cargo de Coordinador\/a General para Cudecoop. Las postulaciones ser\u00e1n recibidas por correo electr\u00f3nico a trav\u00e9s de cudecoop@cudecoop.coop, con el asunto \u201cCOORDINADOR\/A GENERAL\u201d. El plazo para enviar las postulaciones vence el 9 de mayo a las 23:59 hs Ver aqu\u00ed T\u00e9rminos de [&#8230;]<\/p>\n","protected":false},"author":27,"featured_media":4946,"comment_status":"open","ping_status":"open","sticky":false,"template":"","format":"standard","meta":{"_acf_changed":false,"ngg_post_thumbnail":0,"footnotes":""},"categories":[7,6,1],"tags":[],"class_list":["post-4942","post","type-post","status-publish","format-standard","has-post-thumbnail","hentry","category-cooperativas","category-institucionales","category-noticias"],"acf":[],"_links":{"self":[{"href":"https:\/\/www.cudecoop.coop\/cudecoop\/wp-json\/wp\/v2\/posts\/4942","targetHints":{"allow":["GET"]}}],"collection":[{"href":"https:\/\/www.cudecoop.coop\/cudecoop\/wp-json\/wp\/v2\/posts"}],"about":[{"href":"https:\/\/www.cudecoop.coop\/cudecoop\/wp-json\/wp\/v2\/types\/post"}],"author":[{"embeddable":true,"href":"https:\/\/www.cudecoop.coop\/cudecoop\/wp-json\/wp\/v2\/users\/27"}],"replies":[{"embeddable":true,"href":"https:\/\/www.cudecoop.coop\/cudecoop\/wp-json\/wp\/v2\/comments?post=4942"}],"version-history":[{"count":3,"href":"https:\/\/www.cudecoop.coop\/cudecoop\/wp-json\/wp\/v2\/posts\/4942\/revisions"}],"predecessor-version":[{"id":4956,"href":"https:\/\/www.cudecoop.coop\/cudecoop\/wp-json\/wp\/v2\/posts\/4942\/revisions\/4956"}],"wp:featuredmedia":[{"embeddable":true,"href":"https:\/\/www.cudecoop.coop\/cudecoop\/wp-json\/wp\/v2\/media\/4946"}],"wp:attachment":[{"href":"https:\/\/www.cudecoop.coop\/cudecoop\/wp-json\/wp\/v2\/media?parent=4942"}],"wp:term":[{"taxonomy":"category","embeddable":true,"href":"https:\/\/www.cudecoop.coop\/cudecoop\/wp-json\/wp\/v2\/categories?post=4942"},{"taxonomy":"post_tag","embeddable":true,"href":"https:\/\/www.cudecoop.coop\/cudecoop\/wp-json\/wp\/v2\/tags?post=4942"}],"curies":[{"name":"wp","href":"https:\/\/api.w.org\/{rel}","templated":true}]}}