{"id":4938,"date":"2025-03-25T15:34:25","date_gmt":"2025-03-25T18:34:25","guid":{"rendered":"https:\/\/www.cudecoop.coop\/cudecoop\/?p=4938"},"modified":"2025-03-25T17:32:00","modified_gmt":"2025-03-25T20:32:00","slug":"programa-de-desarrollo-cooperativo-territorial-presentacion-nuevo-equipo-reunion-con-autoridades-y-visita-extranjera","status":"publish","type":"post","link":"https:\/\/www.cudecoop.coop\/cudecoop\/programa-de-desarrollo-cooperativo-territorial-presentacion-nuevo-equipo-reunion-con-autoridades-y-visita-extranjera\/","title":{"rendered":"Programa de Desarrollo Cooperativo Territorial: presentaci\u00f3n nuevo equipo, reuni\u00f3n con autoridades y visita extranjera"},"content":{"rendered":"<p>Se realiz\u00f3 la reuni\u00f3n presencial mensual con promotoras y promotores que integran el equipo interdisciplinario del Programa de Desarrollo Cooperativo Territorial en Cudecoop.<\/p>\n<p>En este encuentro se presentaron los nuevos integrantes del equipo, que asumir\u00e1n el rol en Florida, Soriano y San Jos\u00e9, este \u00faltimo Departamento se suma al total de 12 Mesas Intercooperativas con alcance departamental y regional, que pr\u00f3ximamente se inaugurar\u00e1 siendo la Capital Nacional del Cooperativismo 2025. All\u00ed se prev\u00e9 adem\u00e1s celebrar el D\u00eda Internacional de las Cooperativas el s\u00e1bado 5 de julio.<\/p>\n<p>Hugo Monta\u00f1o y Sergio Diz, presidente y vicepresidente de Cudecoop, participaron de esta instancia acompa\u00f1ando y reforzando el compromiso del trabajo a nivel nacional de cara a la creaci\u00f3n de un nuevo Plan Estrat\u00e9gico Institucional.<\/p>\n<p>En este marco se realizar\u00e1 en los pr\u00f3ximos d\u00edas el conversatorio &#8220;Cudecoop en territorio&#8221; para intercambiar de primera mano sobre &nbsp;las diferentes realidades y demandas sectoriales de cada territorio.<\/p>\n<p>Adem\u00e1s en cada Departamento se contin\u00faa trabajando sobre las Propuestas Program\u00e1ticas del Cooperativismo para presentar a candidatas y candidatos a Intendencias y Municipios de cara a las pr\u00f3ximas elecciones el 11 de mayo.<\/p>\n<p>De esta instancia tambi\u00e9n particip\u00f3 Cecilia Tenaglia, directora del \u00e1rea de Formaci\u00f3n y Educaci\u00f3n del Instituto Nacional de Cooperativismo &#8211; Inacoop, con quien continuamos intercambiando en pos de un&nbsp; 2025 de articulaci\u00f3n y cogesti\u00f3n desde los Programas en territorio, la proyecci\u00f3n de actividades de formaci\u00f3n y el lanzamiento de San Jos\u00e9 Capital Nacional del Cooperativismo.&nbsp;<\/p>\n<p>Adem\u00e1s, recibimos la participaci\u00f3n de<span style=\"font-size: 1rem;\"> representantes de Diesis Network, Incubacoop y Cooperativas de las Am\u00e9ricas, quienes presentaron sus proyectos y actividades con intenci\u00f3n de colaboraciones y trabajo conjunto a futuro de nivel internacional.<\/span><\/p>\n<p>En las pr\u00f3ximas semanas se continuar\u00e1 trabajando en conjunto en estos y otros puntos tanto a nivel local como regional.<\/p>\n","protected":false},"excerpt":{"rendered":"<p>Se realiz\u00f3 la reuni\u00f3n presencial mensual con promotoras y promotores que integran el equipo interdisciplinario del Programa de Desarrollo Cooperativo Territorial en Cudecoop. En este encuentro se presentaron los nuevos integrantes del equipo, que asumir\u00e1n el rol en Florida, Soriano y San Jos\u00e9, este \u00faltimo Departamento se suma al total de 12 Mesas Intercooperativas con alcance departamental y regional, que pr\u00f3ximamente se inaugurar\u00e1 siendo la Capital Nacional del Cooperativismo 2025. All\u00ed se prev\u00e9 adem\u00e1s celebrar el D\u00eda Internacional de las Cooperativas el s\u00e1bado 5 de julio. Hugo Monta\u00f1o y Sergio Diz, presidente y vicepresidente de Cudecoop, participaron de esta instancia [&#8230;]<\/p>\n","protected":false},"author":27,"featured_media":4939,"comment_status":"open","ping_status":"open","sticky":false,"template":"","format":"standard","meta":{"_acf_changed":false,"ngg_post_thumbnail":0,"footnotes":""},"categories":[7,6,1],"tags":[],"class_list":["post-4938","post","type-post","status-publish","format-standard","has-post-thumbnail","hentry","category-cooperativas","category-institucionales","category-noticias"],"acf":[],"_links":{"self":[{"href":"https:\/\/www.cudecoop.coop\/cudecoop\/wp-json\/wp\/v2\/posts\/4938","targetHints":{"allow":["GET"]}}],"collection":[{"href":"https:\/\/www.cudecoop.coop\/cudecoop\/wp-json\/wp\/v2\/posts"}],"about":[{"href":"https:\/\/www.cudecoop.coop\/cudecoop\/wp-json\/wp\/v2\/types\/post"}],"author":[{"embeddable":true,"href":"https:\/\/www.cudecoop.coop\/cudecoop\/wp-json\/wp\/v2\/users\/27"}],"replies":[{"embeddable":true,"href":"https:\/\/www.cudecoop.coop\/cudecoop\/wp-json\/wp\/v2\/comments?post=4938"}],"version-history":[{"count":2,"href":"https:\/\/www.cudecoop.coop\/cudecoop\/wp-json\/wp\/v2\/posts\/4938\/revisions"}],"predecessor-version":[{"id":4953,"href":"https:\/\/www.cudecoop.coop\/cudecoop\/wp-json\/wp\/v2\/posts\/4938\/revisions\/4953"}],"wp:featuredmedia":[{"embeddable":true,"href":"https:\/\/www.cudecoop.coop\/cudecoop\/wp-json\/wp\/v2\/media\/4939"}],"wp:attachment":[{"href":"https:\/\/www.cudecoop.coop\/cudecoop\/wp-json\/wp\/v2\/media?parent=4938"}],"wp:term":[{"taxonomy":"category","embeddable":true,"href":"https:\/\/www.cudecoop.coop\/cudecoop\/wp-json\/wp\/v2\/categories?post=4938"},{"taxonomy":"post_tag","embeddable":true,"href":"https:\/\/www.cudecoop.coop\/cudecoop\/wp-json\/wp\/v2\/tags?post=4938"}],"curies":[{"name":"wp","href":"https:\/\/api.w.org\/{rel}","templated":true}]}}