{"id":4937,"date":"2025-03-25T14:55:46","date_gmt":"2025-03-25T17:55:46","guid":{"rendered":"https:\/\/www.cudecoop.coop\/cudecoop\/?p=4937"},"modified":"2025-04-28T14:26:53","modified_gmt":"2025-04-28T17:26:53","slug":"ejecutivo-recibe-a-salvador-schelotto","status":"publish","type":"post","link":"https:\/\/www.cudecoop.coop\/cudecoop\/ejecutivo-recibe-a-salvador-schelotto\/","title":{"rendered":"Ejecutivo recibe a Salvador Schelotto"},"content":{"rendered":"<p>El Comit\u00e9 Ejecutivo de Cudecoop recibi\u00f3 la visita de Salvador Schelotto, uno de los candidatos a la Intendencia de Montevideo por el Frente Amplio.&nbsp;<\/p>\n<p>Este encuentro fue el primero de esta nueva ronda de presentaciones de las Propuestas Program\u00e1ticas del Cooperativismo&nbsp; a candidatos a las intendencias departamentales, en vistas a las elecciones de los gobiernos departamentales en mayo pr\u00f3ximo.<\/p>\n<p>Estos intercambios se dan en el entendido de que las cooperativas en su contribuci\u00f3n al desarrollo territorial, necesitan mayor espacios de articulaci\u00f3n y vinculaci\u00f3n con los gobiernos departamentales y municipales.&nbsp;<\/p>\n<p>&nbsp;<\/p>\n","protected":false},"excerpt":{"rendered":"<p>El Comit\u00e9 Ejecutivo de Cudecoop recibi\u00f3 la visita de Salvador Schelotto, uno de los candidatos a la Intendencia de Montevideo por el Frente Amplio.&nbsp; Este encuentro fue el primero de esta nueva ronda de presentaciones de las Propuestas Program\u00e1ticas del Cooperativismo&nbsp; a candidatos a las intendencias departamentales, en vistas a las elecciones de los gobiernos departamentales en mayo pr\u00f3ximo. Estos intercambios se dan en el entendido de que las cooperativas en su contribuci\u00f3n al desarrollo territorial, necesitan mayor espacios de articulaci\u00f3n y vinculaci\u00f3n con los gobiernos departamentales y municipales.&nbsp; [&#8230;]<\/p>\n","protected":false},"author":27,"featured_media":4948,"comment_status":"open","ping_status":"open","sticky":false,"template":"","format":"standard","meta":{"_acf_changed":false,"ngg_post_thumbnail":0,"footnotes":""},"categories":[7,6,1],"tags":[],"class_list":["post-4937","post","type-post","status-publish","format-standard","has-post-thumbnail","hentry","category-cooperativas","category-institucionales","category-noticias"],"acf":[],"_links":{"self":[{"href":"https:\/\/www.cudecoop.coop\/cudecoop\/wp-json\/wp\/v2\/posts\/4937","targetHints":{"allow":["GET"]}}],"collection":[{"href":"https:\/\/www.cudecoop.coop\/cudecoop\/wp-json\/wp\/v2\/posts"}],"about":[{"href":"https:\/\/www.cudecoop.coop\/cudecoop\/wp-json\/wp\/v2\/types\/post"}],"author":[{"embeddable":true,"href":"https:\/\/www.cudecoop.coop\/cudecoop\/wp-json\/wp\/v2\/users\/27"}],"replies":[{"embeddable":true,"href":"https:\/\/www.cudecoop.coop\/cudecoop\/wp-json\/wp\/v2\/comments?post=4937"}],"version-history":[{"count":1,"href":"https:\/\/www.cudecoop.coop\/cudecoop\/wp-json\/wp\/v2\/posts\/4937\/revisions"}],"predecessor-version":[{"id":4940,"href":"https:\/\/www.cudecoop.coop\/cudecoop\/wp-json\/wp\/v2\/posts\/4937\/revisions\/4940"}],"wp:featuredmedia":[{"embeddable":true,"href":"https:\/\/www.cudecoop.coop\/cudecoop\/wp-json\/wp\/v2\/media\/4948"}],"wp:attachment":[{"href":"https:\/\/www.cudecoop.coop\/cudecoop\/wp-json\/wp\/v2\/media?parent=4937"}],"wp:term":[{"taxonomy":"category","embeddable":true,"href":"https:\/\/www.cudecoop.coop\/cudecoop\/wp-json\/wp\/v2\/categories?post=4937"},{"taxonomy":"post_tag","embeddable":true,"href":"https:\/\/www.cudecoop.coop\/cudecoop\/wp-json\/wp\/v2\/tags?post=4937"}],"curies":[{"name":"wp","href":"https:\/\/api.w.org\/{rel}","templated":true}]}}