{"id":4935,"date":"2025-03-25T14:47:25","date_gmt":"2025-03-25T17:47:25","guid":{"rendered":"https:\/\/www.cudecoop.coop\/cudecoop\/?p=4935"},"modified":"2025-04-03T14:36:08","modified_gmt":"2025-04-03T17:36:08","slug":"recibimos-a-diesis-network-en-la-casa-del-cooperativismo","status":"publish","type":"post","link":"https:\/\/www.cudecoop.coop\/cudecoop\/recibimos-a-diesis-network-en-la-casa-del-cooperativismo\/","title":{"rendered":"Recibimos a Diesis Network en la casa del cooperativismo"},"content":{"rendered":"<p>El lunes 17 de marzo, el Ejecutivo de Cudecoop recibi\u00f3 la visita personal del presidente de Diesis Network, Gianluca Pastorelli, socio en el Proyecto InnovHubs que lidera CUDECOOP junto a DIESIS Network y CGM Finance, y que cofinancia el Programa AL INVEST Verde.<\/p>\n<p>En este intercambio se present\u00f3 Diesis Network, sus \u00e1reas de trabajo y los potenciales espacios comunes para futuras alianzas de trabajo.&nbsp;<\/p>\n<p>Fundada en 1997, Diesis Network es hoy una de las redes m\u00e1s amplias especializadas en apoyar el desarrollo de la econom\u00eda social, el emprendimiento social y la innovaci\u00f3n social.<\/p>\n<p>&nbsp;<\/p>\n","protected":false},"excerpt":{"rendered":"<p>El lunes 17 de marzo, el Ejecutivo de Cudecoop recibi\u00f3 la visita personal del presidente de Diesis Network, Gianluca Pastorelli, socio en el Proyecto InnovHubs que lidera CUDECOOP junto a DIESIS Network y CGM Finance, y que cofinancia el Programa AL INVEST Verde. En este intercambio se present\u00f3 Diesis Network, sus \u00e1reas de trabajo y los potenciales espacios comunes para futuras alianzas de trabajo.&nbsp; Fundada en 1997, Diesis Network es hoy una de las redes m\u00e1s amplias especializadas en apoyar el desarrollo de la econom\u00eda social, el emprendimiento social y la innovaci\u00f3n social. [&#8230;]<\/p>\n","protected":false},"author":27,"featured_media":4973,"comment_status":"open","ping_status":"open","sticky":false,"template":"","format":"standard","meta":{"_acf_changed":false,"ngg_post_thumbnail":0,"footnotes":""},"categories":[7,6,1],"tags":[],"class_list":["post-4935","post","type-post","status-publish","format-standard","has-post-thumbnail","hentry","category-cooperativas","category-institucionales","category-noticias"],"acf":[],"_links":{"self":[{"href":"https:\/\/www.cudecoop.coop\/cudecoop\/wp-json\/wp\/v2\/posts\/4935","targetHints":{"allow":["GET"]}}],"collection":[{"href":"https:\/\/www.cudecoop.coop\/cudecoop\/wp-json\/wp\/v2\/posts"}],"about":[{"href":"https:\/\/www.cudecoop.coop\/cudecoop\/wp-json\/wp\/v2\/types\/post"}],"author":[{"embeddable":true,"href":"https:\/\/www.cudecoop.coop\/cudecoop\/wp-json\/wp\/v2\/users\/27"}],"replies":[{"embeddable":true,"href":"https:\/\/www.cudecoop.coop\/cudecoop\/wp-json\/wp\/v2\/comments?post=4935"}],"version-history":[{"count":1,"href":"https:\/\/www.cudecoop.coop\/cudecoop\/wp-json\/wp\/v2\/posts\/4935\/revisions"}],"predecessor-version":[{"id":4936,"href":"https:\/\/www.cudecoop.coop\/cudecoop\/wp-json\/wp\/v2\/posts\/4935\/revisions\/4936"}],"wp:featuredmedia":[{"embeddable":true,"href":"https:\/\/www.cudecoop.coop\/cudecoop\/wp-json\/wp\/v2\/media\/4973"}],"wp:attachment":[{"href":"https:\/\/www.cudecoop.coop\/cudecoop\/wp-json\/wp\/v2\/media?parent=4935"}],"wp:term":[{"taxonomy":"category","embeddable":true,"href":"https:\/\/www.cudecoop.coop\/cudecoop\/wp-json\/wp\/v2\/categories?post=4935"},{"taxonomy":"post_tag","embeddable":true,"href":"https:\/\/www.cudecoop.coop\/cudecoop\/wp-json\/wp\/v2\/tags?post=4935"}],"curies":[{"name":"wp","href":"https:\/\/api.w.org\/{rel}","templated":true}]}}