{"id":4922,"date":"2025-03-15T13:41:24","date_gmt":"2025-03-15T16:41:24","guid":{"rendered":"https:\/\/www.cudecoop.coop\/cudecoop\/?p=4922"},"modified":"2025-03-25T17:26:08","modified_gmt":"2025-03-25T20:26:08","slug":"nuevas-autoridades-en-inacoop","status":"publish","type":"post","link":"https:\/\/www.cudecoop.coop\/cudecoop\/nuevas-autoridades-en-inacoop\/","title":{"rendered":"Nuevas autoridades en Inacoop"},"content":{"rendered":"<p>El viernes 14 de marzo Cudecoop particip\u00f3 del evento p\u00fablico de presentaci\u00f3n de las nuevas autoridades de Instituto Nacional del Cooperativismo. Estuvo presente el Comit\u00e9 Ejecutivo, junto a Consejeros, Delegados de pol\u00edticas p\u00fablicas y las gremiales cooperativas.<\/p>\n<p>En dicha jornada asumieron las autoridades representantes del Poder Ejecutivo, quienes trabajaran junto a las autoridades de Cudecoop en el directorio.&nbsp;<\/p>\n<p>La conformaci\u00f3n es la siguiente:&nbsp;<\/p>\n<p>Graciela Fern\u00e1ndez &#8211; Presidenta<\/p>\n<p>Flavia Carretto &#8211; Vicepresidenta&nbsp;<\/p>\n<p>Marisol Fuentes &#8211; Directora<\/p>\n<p>Los directores representantes de&nbsp; Cudecoop Juan Carlos Canessa y Alejandro Castiglia, junto al alterno Jos\u00e9 Clavell,&nbsp; asumieron en febrero de 2025 conformando as\u00ed el Directorio completo junto a las compa\u00f1eras del Poder Ejecutivo.&nbsp;<\/p>\n<p>Cudecoop desea el mejor \u00e9xito en esta nueva gesti\u00f3n y asume el compromiso de trabajar colaborativamente por el desarrollo del movimiento cooperativo.&nbsp;<\/p>\n<p>&nbsp;<\/p>\n","protected":false},"excerpt":{"rendered":"<p>El viernes 14 de marzo Cudecoop particip\u00f3 del evento p\u00fablico de presentaci\u00f3n de las nuevas autoridades de Instituto Nacional del Cooperativismo. Estuvo presente el Comit\u00e9 Ejecutivo, junto a Consejeros, Delegados de pol\u00edticas p\u00fablicas y las gremiales cooperativas. En dicha jornada asumieron las autoridades representantes del Poder Ejecutivo, quienes trabajaran junto a las autoridades de Cudecoop en el directorio.&nbsp; La conformaci\u00f3n es la siguiente:&nbsp; Graciela Fern\u00e1ndez &#8211; Presidenta Flavia Carretto &#8211; Vicepresidenta&nbsp; Marisol Fuentes &#8211; Directora Los directores representantes de&nbsp; Cudecoop Juan Carlos Canessa y Alejandro Castiglia, junto al alterno Jos\u00e9 Clavell,&nbsp; asumieron en febrero de 2025 conformando as\u00ed el Directorio [&#8230;]<\/p>\n","protected":false},"author":27,"featured_media":4951,"comment_status":"open","ping_status":"open","sticky":false,"template":"","format":"standard","meta":{"_acf_changed":false,"ngg_post_thumbnail":0,"footnotes":""},"categories":[7,6,1],"tags":[],"class_list":["post-4922","post","type-post","status-publish","format-standard","has-post-thumbnail","hentry","category-cooperativas","category-institucionales","category-noticias"],"acf":[],"_links":{"self":[{"href":"https:\/\/www.cudecoop.coop\/cudecoop\/wp-json\/wp\/v2\/posts\/4922","targetHints":{"allow":["GET"]}}],"collection":[{"href":"https:\/\/www.cudecoop.coop\/cudecoop\/wp-json\/wp\/v2\/posts"}],"about":[{"href":"https:\/\/www.cudecoop.coop\/cudecoop\/wp-json\/wp\/v2\/types\/post"}],"author":[{"embeddable":true,"href":"https:\/\/www.cudecoop.coop\/cudecoop\/wp-json\/wp\/v2\/users\/27"}],"replies":[{"embeddable":true,"href":"https:\/\/www.cudecoop.coop\/cudecoop\/wp-json\/wp\/v2\/comments?post=4922"}],"version-history":[{"count":5,"href":"https:\/\/www.cudecoop.coop\/cudecoop\/wp-json\/wp\/v2\/posts\/4922\/revisions"}],"predecessor-version":[{"id":4952,"href":"https:\/\/www.cudecoop.coop\/cudecoop\/wp-json\/wp\/v2\/posts\/4922\/revisions\/4952"}],"wp:featuredmedia":[{"embeddable":true,"href":"https:\/\/www.cudecoop.coop\/cudecoop\/wp-json\/wp\/v2\/media\/4951"}],"wp:attachment":[{"href":"https:\/\/www.cudecoop.coop\/cudecoop\/wp-json\/wp\/v2\/media?parent=4922"}],"wp:term":[{"taxonomy":"category","embeddable":true,"href":"https:\/\/www.cudecoop.coop\/cudecoop\/wp-json\/wp\/v2\/categories?post=4922"},{"taxonomy":"post_tag","embeddable":true,"href":"https:\/\/www.cudecoop.coop\/cudecoop\/wp-json\/wp\/v2\/tags?post=4922"}],"curies":[{"name":"wp","href":"https:\/\/api.w.org\/{rel}","templated":true}]}}