{"id":4869,"date":"2025-03-05T17:45:56","date_gmt":"2025-03-05T20:45:56","guid":{"rendered":"https:\/\/www.cudecoop.coop\/cudecoop\/?p=4869"},"modified":"2025-03-07T15:54:54","modified_gmt":"2025-03-07T18:54:54","slug":"movimiento-cooperativo-de-cara-al-8m","status":"publish","type":"post","link":"https:\/\/www.cudecoop.coop\/cudecoop\/movimiento-cooperativo-de-cara-al-8m\/","title":{"rendered":"Movimiento cooperativo de cara al #8M"},"content":{"rendered":"<p>En el marco de una nueva conmemoraci\u00f3n del D\u00eda Internacional de la Mujer, compartimos la agenda de nuestras federaciones socias y organizaciones vinculadas al movimiento cooperativo y la econom\u00eda social y solidaria para las pr\u00f3ximas semanas.&nbsp;<\/p>\n<p>Agenda 8M en el cooperativismo:<\/p>\n<p>&#8220;<strong>Experiencias que construyen la diferencia: perspectiva de la igualdad de g\u00e9nero en las cooperativas y organizaciones de la econom\u00eda social de Uruguay<\/strong>&#8221; Desde el Instituto Nacional de Cooperativismo &#8211; Inacoop y la Confederaci\u00f3n Uruguaya de Entidades Cooperativas &#8211; Cudecoop invitamos a compartir experiencias que integren la perspectiva de g\u00e9nero en tu organizaci\u00f3n. Queremos visibilizar y valorar iniciativas que construyen espacios m\u00e1s inclusivos, equitativos y sostenibles. <a href=\"https:\/\/www.inacoop.org.uy\/single-post\/convocatoria-experiencias-que-construyen-la-diferencia?fbclid=IwY2xjawI1TA5leHRuA2FlbQIxMAABHWAP3yclPzbfAV77rDbbanIhNK_EbFNi1xp3M5WBHo5e2nJbYPsuS1JRRQ_aem_8KeNGgZsTFBHM16bIeUvsQ\">M\u00e1s informaci\u00f3n&nbsp;<\/a><\/p>\n<p>&nbsp;&#8220;<strong>Mujeres que inspiran un ma\u00f1ana sostenible<\/strong>&#8221; es la invitaci\u00f3n de Cooperativas Agrarias Federadas en ocasi\u00f3n del D\u00eda Internacional de la Mujer, se trata de un homenaje a la labor de mujeres que han realizado aportes significativos al cooperativismo agrario. La actividad ser\u00e1 transmitida por el canal de YouTube de CAF. &nbsp;&nbsp;<a href=\"https:\/\/caf.org.uy\/caf\/caf-homenajeara-a-cuatro-mujeres-que-han-hecho-aportes-destacados-al-cooperativismo-agrario\/\">M\u00e1s informaci\u00f3n<\/a><\/p>\n<p>&#8220;<strong>Amanecer violeta<\/strong>&#8221; es la convocatoria de la Federaci\u00f3n Uruguaya de Cooperativas de Vivienda por Ayuda Mutua &#8211; Fucvam, a intervenir de violeta todas las cooperativas del pa\u00eds. La Comisi\u00f3n de G\u00e9nero, que se viene reuniendo en la previa al 8M, convoca a marchar en conjunto desde Plaza Independencia con cascos y remeras intervenidos. <a href=\"https:\/\/www.instagram.com\/p\/DGjKgRkORuG\/\">M\u00e1s informaci\u00f3n<\/a>&nbsp;<\/p>\n<p>Por su parte cooperativistas de la Federaci\u00f3n de Cooperativas de Vivienda por Ahorro Previo &#8211; Fecovi, convocan a la marcha y refuerzan la iniciativa de intervenir las fachadas o espacios comunes de sus cooperativas para reflejar el apoyo a la lucha por la igualdad de derechos y oportunidades de las mujeres. Adem\u00e1s se realizar\u00e1 el lanzamiento del libro &#8220;<strong>Mujeres del siglo XX y XXI<\/strong>&#8221; de la autora y cooperativista Laura Acosta. En esta instancia, se volver\u00e1 a presentar el Protocolo de actuaci\u00f3n ante situaciones de violencia basada en g\u00e9nero. <a href=\"https:\/\/www.instagram.com\/p\/DGoTnnyyGov\/\">M\u00e1s informaci\u00f3n&nbsp;<\/a>&nbsp;<\/p>\n<p>&#8220;<strong>Mirarnos en clave de g\u00e9nero<\/strong>&#8221; es el nombre que lleva el taller propuesto por la Comisi\u00f3n de G\u00e9nero de la Federaci\u00f3n de Cooperativas de Producci\u00f3n del Uruguay &#8211; FCPU, una invitaci\u00f3n enmarcada en el 8M basada en el documento &#8220;Gesti\u00f3n y sostenibilidad cooperativa&#8221; realizado en el marco del proyecto &#8220;Liderazgo cooperativo con perspectiva de g\u00e9nero&#8221; <a href=\"https:\/\/docs.google.com\/forms\/d\/e\/1FAIpQLSdMORr0QK8PxpOVKWGGVqDxwksL0LDg62n65oWTs4L4k4ysXg\/viewform\">M\u00e1s informaci\u00f3n&nbsp;<\/a><\/p>\n<p>La Federaci\u00f3n de Cooperativas de Ahorro y Cr\u00e9dito &#8211; Fecoac, invita a participar en su Sede de un &#8220;<strong>Taller de sensibilizaci\u00f3n en g\u00e9nero<\/strong>&#8221; que abordar\u00e1 temas como acoso sexual y laboral. <a href=\"https:\/\/fecoac.uy\/contacto\/\">M\u00e1s informaci\u00f3n<\/a><\/p>\n<p>Desde el Centro Cooperativista Uruguayo &#8211; CCU, se est\u00e1 trabajando en una declaraci\u00f3n que narra el camino recorrido en los \u00faltimos a\u00f1os: formaci\u00f3n, protocolo contra el acoso, sala de lactancia, etc. En su sede, se intervendr\u00e1 la fachada y se continuar\u00e1 trabajando durante <strong>marzo &#8211; mes de las mujeres<\/strong>.<\/p>\n<p>La Federaci\u00f3n Uruguaya de Cooperativas de Consumo &#8211; FUCC apoya la iniciativa de algunas de sus cooperativas socias de hacer <strong>intervenciones en sus fachadas y vidrieras<\/strong>, tambi\u00e9n public\u00f3 una declaraci\u00f3n impulsada desde su Equipo de G\u00e9nero. <a href=\"https:\/\/www.instagram.com\/p\/DG2znOWuRHk\/?img_index=1\">M\u00e1s informaci\u00f3n<\/a>&nbsp;<\/p>\n<p>En el marco internacional, desde el Comit\u00e9 Regional de G\u00e9nero de Cooperativas de las Am\u00e9ricas se propone el webinar &#8220;<strong>El aporte de las mujeres a la econom\u00eda social<\/strong>&#8221; a cargo de la Dra. Dalia Borge, Coordinadora de la Fundaci\u00f3n Escuela Andaluza de Econom\u00eda Social para Am\u00e9rica Latina. <a href=\"https:\/\/us06web.zoom.us\/meeting\/register\/XSWrz91bSDCHDhAQnxw30g#\/registration\">M\u00e1s informaci\u00f3n<\/a><\/p>\n<p>Por su parte, referentes del Programa de Desarrollo Cooperativo Territorial se encuentran trabajando colectivamente con cooperativistas de cada Departamento para participar de las diferentes convocatorias&nbsp; y realizar acciones concretas durante marzo.&nbsp;&nbsp;<\/p>\n","protected":false},"excerpt":{"rendered":"<p>En el marco de una nueva conmemoraci\u00f3n del D\u00eda Internacional de la Mujer, compartimos la agenda de nuestras federaciones socias y organizaciones vinculadas al movimiento cooperativo y la econom\u00eda social y solidaria para las pr\u00f3ximas semanas.&nbsp; Agenda 8M en el cooperativismo: &#8220;Experiencias que construyen la diferencia: perspectiva de la igualdad de g\u00e9nero en las cooperativas y organizaciones de la econom\u00eda social de Uruguay&#8221; Desde el Instituto Nacional de Cooperativismo &#8211; Inacoop y la Confederaci\u00f3n Uruguaya de Entidades Cooperativas &#8211; Cudecoop invitamos a compartir experiencias que integren la perspectiva de g\u00e9nero en tu organizaci\u00f3n. Queremos visibilizar y valorar iniciativas que construyen [&#8230;]<\/p>\n","protected":false},"author":27,"featured_media":4901,"comment_status":"open","ping_status":"open","sticky":false,"template":"","format":"standard","meta":{"_acf_changed":false,"ngg_post_thumbnail":0,"footnotes":""},"categories":[7,6,1],"tags":[],"class_list":["post-4869","post","type-post","status-publish","format-standard","has-post-thumbnail","hentry","category-cooperativas","category-institucionales","category-noticias"],"acf":[],"_links":{"self":[{"href":"https:\/\/www.cudecoop.coop\/cudecoop\/wp-json\/wp\/v2\/posts\/4869","targetHints":{"allow":["GET"]}}],"collection":[{"href":"https:\/\/www.cudecoop.coop\/cudecoop\/wp-json\/wp\/v2\/posts"}],"about":[{"href":"https:\/\/www.cudecoop.coop\/cudecoop\/wp-json\/wp\/v2\/types\/post"}],"author":[{"embeddable":true,"href":"https:\/\/www.cudecoop.coop\/cudecoop\/wp-json\/wp\/v2\/users\/27"}],"replies":[{"embeddable":true,"href":"https:\/\/www.cudecoop.coop\/cudecoop\/wp-json\/wp\/v2\/comments?post=4869"}],"version-history":[{"count":12,"href":"https:\/\/www.cudecoop.coop\/cudecoop\/wp-json\/wp\/v2\/posts\/4869\/revisions"}],"predecessor-version":[{"id":4902,"href":"https:\/\/www.cudecoop.coop\/cudecoop\/wp-json\/wp\/v2\/posts\/4869\/revisions\/4902"}],"wp:featuredmedia":[{"embeddable":true,"href":"https:\/\/www.cudecoop.coop\/cudecoop\/wp-json\/wp\/v2\/media\/4901"}],"wp:attachment":[{"href":"https:\/\/www.cudecoop.coop\/cudecoop\/wp-json\/wp\/v2\/media?parent=4869"}],"wp:term":[{"taxonomy":"category","embeddable":true,"href":"https:\/\/www.cudecoop.coop\/cudecoop\/wp-json\/wp\/v2\/categories?post=4869"},{"taxonomy":"post_tag","embeddable":true,"href":"https:\/\/www.cudecoop.coop\/cudecoop\/wp-json\/wp\/v2\/tags?post=4869"}],"curies":[{"name":"wp","href":"https:\/\/api.w.org\/{rel}","templated":true}]}}