{"id":4863,"date":"2025-03-13T15:38:44","date_gmt":"2025-03-13T18:38:44","guid":{"rendered":"https:\/\/www.cudecoop.coop\/cudecoop\/?p=4863"},"modified":"2025-03-13T15:44:52","modified_gmt":"2025-03-13T18:44:52","slug":"procoop-un-programa-fundamental-para-el-desarrollo-del-cooperativismo","status":"publish","type":"post","link":"https:\/\/www.cudecoop.coop\/cudecoop\/procoop-un-programa-fundamental-para-el-desarrollo-del-cooperativismo\/","title":{"rendered":"Procoop, un programa fundamental para el desarrollo del cooperativismo"},"content":{"rendered":"<p>En el marco del comit\u00e9 de seguimiento del Programa de Formaci\u00f3n de Cooperativa, Procoop integrado por el Instituto Nacional del Cooperativismo, Inacoop, el Instituto Nacional de Empleo y Formaci\u00f3n Profesional, Inefop, y la Confederaci\u00f3n Uruguaya de Entidades Cooperativas, Cudecoop, se realiz\u00f3 un an\u00e1lisis de los objetivos trazados para el Programa para evaluar el alcance del actual convenio.<\/p>\n<p>Los datos se\u00f1alan que el Procoop es una programa con grandes resultados, fundamental para el desarrollo del movimiento cooperativo y por lo tanto las organizaciones entienden que es un aspecto importante el hecho de darle promoci\u00f3n y continuidad.&nbsp;<\/p>\n<p><!--more--><\/p>\n<p>En dicho an\u00e1lisis se destacan los siguientes resultados:&nbsp;<\/p>\n<ul>\n<li>Hubo 304 inscripciones al Programa y se construyeron 229 demandas.<\/li>\n<li>El 68% de las acciones corresponden a cursos regulares y capacitaciones a medida, mientras que el 32% restante refiere a cursos pr\u00e1cticos.<\/li>\n<li><span style=\"font-size: 1rem;\">Son 158 las organizaciones beneficiarias (sin repetici\u00f3n) que finalizaron o est\u00e1n desarrollando las 209 acciones (algunas organizaciones realizaron m\u00e1s de una solicitud).<\/span><\/li>\n<li>74 son organizaciones que usaron el PROCOOP por primera vez.<\/li>\n<li>68 ejecutaron o est\u00e1n ejecutando m\u00e1s de 1 acci\u00f3n.<\/li>\n<li>5 solicitudes son asociativas, las que re\u00fanen un total de 22 organizaciones beneficiarias.<\/li>\n<li>Hubo solicitudes de todos los departamentos del pa\u00eds.<\/li>\n<li>Todas las clases cooperativas han utilizado el Programa, destacando un 66% corresponden a cooperativas de Trabajo y Sociales y el 13% a cooperativas de Vivienda.<\/li>\n<li>En las 209 acciones se inscribieron 2.001 participantes, de los cuales el 49% se identifican con el g\u00e9nero femenino y el 36% se encuentra en el rango de 31 a 45 a\u00f1os.<\/li>\n<li>En este marco se publicaron dos investigaciones de inter\u00e9s para el cooperativismo y la econom\u00eda social en su conjunto o para un tipo o clase de cooperativas en particular y otras dos investigaciones est\u00e1n en proceso.<\/li>\n<\/ul>\n<p>&nbsp;<\/p>\n<p>&nbsp;<\/p>\n","protected":false},"excerpt":{"rendered":"<p>En el marco del comit\u00e9 de seguimiento del Programa de Formaci\u00f3n de Cooperativa, Procoop integrado por el Instituto Nacional del Cooperativismo, Inacoop, el Instituto Nacional de Empleo y Formaci\u00f3n Profesional, Inefop, y la Confederaci\u00f3n Uruguaya de Entidades Cooperativas, Cudecoop, se realiz\u00f3 un an\u00e1lisis de los objetivos trazados para el Programa para evaluar el alcance del actual convenio. Los datos se\u00f1alan que el Procoop es una programa con grandes resultados, fundamental para el desarrollo del movimiento cooperativo y por lo tanto las organizaciones entienden que es un aspecto importante el hecho de darle promoci\u00f3n y [&#8230;]<\/p>\n","protected":false},"author":27,"featured_media":4396,"comment_status":"open","ping_status":"open","sticky":false,"template":"","format":"standard","meta":{"_acf_changed":false,"ngg_post_thumbnail":0,"footnotes":""},"categories":[7,6,1],"tags":[],"class_list":["post-4863","post","type-post","status-publish","format-standard","has-post-thumbnail","hentry","category-cooperativas","category-institucionales","category-noticias"],"acf":[],"_links":{"self":[{"href":"https:\/\/www.cudecoop.coop\/cudecoop\/wp-json\/wp\/v2\/posts\/4863","targetHints":{"allow":["GET"]}}],"collection":[{"href":"https:\/\/www.cudecoop.coop\/cudecoop\/wp-json\/wp\/v2\/posts"}],"about":[{"href":"https:\/\/www.cudecoop.coop\/cudecoop\/wp-json\/wp\/v2\/types\/post"}],"author":[{"embeddable":true,"href":"https:\/\/www.cudecoop.coop\/cudecoop\/wp-json\/wp\/v2\/users\/27"}],"replies":[{"embeddable":true,"href":"https:\/\/www.cudecoop.coop\/cudecoop\/wp-json\/wp\/v2\/comments?post=4863"}],"version-history":[{"count":2,"href":"https:\/\/www.cudecoop.coop\/cudecoop\/wp-json\/wp\/v2\/posts\/4863\/revisions"}],"predecessor-version":[{"id":4916,"href":"https:\/\/www.cudecoop.coop\/cudecoop\/wp-json\/wp\/v2\/posts\/4863\/revisions\/4916"}],"wp:featuredmedia":[{"embeddable":true,"href":"https:\/\/www.cudecoop.coop\/cudecoop\/wp-json\/wp\/v2\/media\/4396"}],"wp:attachment":[{"href":"https:\/\/www.cudecoop.coop\/cudecoop\/wp-json\/wp\/v2\/media?parent=4863"}],"wp:term":[{"taxonomy":"category","embeddable":true,"href":"https:\/\/www.cudecoop.coop\/cudecoop\/wp-json\/wp\/v2\/categories?post=4863"},{"taxonomy":"post_tag","embeddable":true,"href":"https:\/\/www.cudecoop.coop\/cudecoop\/wp-json\/wp\/v2\/tags?post=4863"}],"curies":[{"name":"wp","href":"https:\/\/api.w.org\/{rel}","templated":true}]}}