{"id":4852,"date":"2025-02-25T11:55:50","date_gmt":"2025-02-25T14:55:50","guid":{"rendered":"https:\/\/www.cudecoop.coop\/cudecoop\/?p=4852"},"modified":"2025-02-25T15:02:21","modified_gmt":"2025-02-25T18:02:21","slug":"reunion-con-ministro-de-trabajo-electo-y-representantes-electas-del-inacoop","status":"publish","type":"post","link":"https:\/\/www.cudecoop.coop\/cudecoop\/reunion-con-ministro-de-trabajo-electo-y-representantes-electas-del-inacoop\/","title":{"rendered":"Reuni\u00f3n con Ministro de Trabajo designado y representantes designadas del INACOOP"},"content":{"rendered":"<p style=\"padding-left: 40px;\">Reuni\u00f3n con Ministro de Trabajo y representantes del INACOOP, designados.<\/p>\n<p>El lunes 24 de febrero, el Ejecutivo de Cudecoop recibi\u00f3 la visita de Juan Castillo, ministro de trabajo designado;&nbsp; Graciela Fern\u00e1ndez, presidenta designada del Instituto Nacional del Cooperativismo; Flavia Carreto y Marisol Fuentes, tambi\u00e9n elegidas para el directorio del Inacoop; y Leonardo Batalla, asesor en relaciones internacionales del Ministerio de Trabajo.<\/p>\n<p>Por Cudecoop estuvo presente por el Comit\u00e9 Ejecutivo su presidente Hugo Monta\u00f1o; el secretario Juan Carlos Canessa; el vicepresidente Sergio Diz; y el tesorero Fredy Rondan. Adem\u00e1s estuvieron presentes delegados de pol\u00edticas p\u00fablicas Alejandro Castiglia (Inacoop) y Ana Laura Cardozo (Fondes- Inacoop).<\/p>\n<p>El Ministro de Trabajo designado por el gobierno entrante destac\u00f3 su compromiso con el movimiento cooperativo. Motiv\u00f3 al Ejecutivo a conversar, discutir y sobre todo dialogar, dispuesto a este estilo de trabajo colaborativo y de apertura.&nbsp;<\/p>\n<p>En el intercambio Castillo destac\u00f3: &#8220;las cooperativas dan respuesta a las necesidades sociales e invita a elaborar lineas de acci\u00f3n para desarrollar el movimiento cooperativo. Tomo la bandera para abrir espacios por los derechos de los cooperativistas, es un reclamo justo. Dejo abierta la posibilidad de que puedan elaborar los proyectos y nos los presenten.&#8221;<\/p>\n<p>Graciela Fern\u00e1ndez, quien asumir\u00e1 pr\u00f3ximamente la presidencia de Inacoop y con larga trayectoria dentro de la gremialidad cooperativa, reconoci\u00f3 la calidad del equipo conformado dentro del Ministerio, gracias a la designaci\u00f3n de personas que tienen gran conocimiento del movimiento cooperativo. La ex presidenta de Cooperativas de las Am\u00e9ricas, destac\u00f3:&nbsp; &#8220;adem\u00e1s este es un a\u00f1o especial por ser el A\u00f1o Internacional de las Cooperativas, y adem\u00e1s tenemos un decreto para crear un gabinete con todos los Ministerios donde Inacoop realizar\u00e1 la secretar\u00eda. Son impulsos importantes que el cooperativismo debe aprovechar y sentir la tranquilidad que desde el Instituto estar\u00e1n las puertas abiertas, la uni\u00f3n del movimiento es fundamental&#8221;. Concluy\u00f3 Fern\u00e1ndez.<\/p>\n<p>Marisol Fuentes, ex presidenta de FCPU y secretaria del anterior Ejecutivo de Cudecoop, remarc\u00f3 el compromiso de facilitar que se concrete el Gabinete de ministerios para poder darle lugar a las Propuestas Program\u00e1ticas del cooperativismo. Es un honor estar en la construcci\u00f3n de este espacio para facilitar y propiciar mejoras para el cooperativismo.&nbsp;<\/p>\n<p>Flavia Carreto, ex directora de la econom\u00eda social del Gobierno de Canelones, destac\u00f3 la construcci\u00f3n de pol\u00edtica p\u00fablica que se viene construyendo para el cooperativismo. Nuestro compromiso aportar\u00e1 \u00e9nfasis y continuidad en la mejora del Estado para poder dar respuesta al cooperativismo.&nbsp;<\/p>\n<p>Carreto destac\u00f3: &#8220;desentralizaci\u00f3n y territorio son pilares para que se conozca las peculiaridades de las cooperativas, sobre todas las chicas, Las cooperativas mejoran la vida de la gente. Por eso es importante trabajar con las cooperativas en el territorio&#8221;.<\/p>\n<p>Leonardo Batalla, destac\u00f3 la decisi\u00f3n de poner a la personas con mayores conocimientos en los cargos de decision y se\u00f1al\u00f3 el hecho de que haya m\u00e1s mujeres en estos cargos que en los demas Ministerios. &#8220;Este es un ministerio de puertas abiertas para el di\u00e1logo fraterno y de respeto.&#8221;<\/p>\n<p>Para concluir el Presidente de Cudecoop, Hugo Monta\u00f1o inst\u00f3 a trabajar conjuntamente con el Inacoop, para presentar propuestas colaborativas al Ministerio de Trabajo. Esta reuni\u00f3n es la apertura del di\u00e1logo y deja en evidencia la necesidad de construcci\u00f3n en conjunto.&nbsp;<\/p>\n<p>&nbsp;<\/p>\n<p>&nbsp;<\/p>\n<p>&nbsp;<\/p>\n","protected":false},"excerpt":{"rendered":"<p>Reuni\u00f3n con Ministro de Trabajo y representantes del INACOOP, designados. El lunes 24 de febrero, el Ejecutivo de Cudecoop recibi\u00f3 la visita de Juan Castillo, ministro de trabajo designado;&nbsp; Graciela Fern\u00e1ndez, presidenta designada del Instituto Nacional del Cooperativismo; Flavia Carreto y Marisol Fuentes, tambi\u00e9n elegidas para el directorio del Inacoop; y Leonardo Batalla, asesor en relaciones internacionales del Ministerio de Trabajo. Por Cudecoop estuvo presente por el Comit\u00e9 Ejecutivo su presidente Hugo Monta\u00f1o; el secretario Juan Carlos Canessa; el vicepresidente Sergio Diz; y el tesorero Fredy Rondan. Adem\u00e1s estuvieron presentes delegados de pol\u00edticas p\u00fablicas Alejandro Castiglia (Inacoop) y Ana Laura [&#8230;]<\/p>\n","protected":false},"author":27,"featured_media":4854,"comment_status":"open","ping_status":"open","sticky":false,"template":"","format":"standard","meta":{"_acf_changed":false,"ngg_post_thumbnail":0,"footnotes":""},"categories":[7,6,1],"tags":[],"class_list":["post-4852","post","type-post","status-publish","format-standard","has-post-thumbnail","hentry","category-cooperativas","category-institucionales","category-noticias"],"acf":[],"_links":{"self":[{"href":"https:\/\/www.cudecoop.coop\/cudecoop\/wp-json\/wp\/v2\/posts\/4852","targetHints":{"allow":["GET"]}}],"collection":[{"href":"https:\/\/www.cudecoop.coop\/cudecoop\/wp-json\/wp\/v2\/posts"}],"about":[{"href":"https:\/\/www.cudecoop.coop\/cudecoop\/wp-json\/wp\/v2\/types\/post"}],"author":[{"embeddable":true,"href":"https:\/\/www.cudecoop.coop\/cudecoop\/wp-json\/wp\/v2\/users\/27"}],"replies":[{"embeddable":true,"href":"https:\/\/www.cudecoop.coop\/cudecoop\/wp-json\/wp\/v2\/comments?post=4852"}],"version-history":[{"count":4,"href":"https:\/\/www.cudecoop.coop\/cudecoop\/wp-json\/wp\/v2\/posts\/4852\/revisions"}],"predecessor-version":[{"id":4861,"href":"https:\/\/www.cudecoop.coop\/cudecoop\/wp-json\/wp\/v2\/posts\/4852\/revisions\/4861"}],"wp:featuredmedia":[{"embeddable":true,"href":"https:\/\/www.cudecoop.coop\/cudecoop\/wp-json\/wp\/v2\/media\/4854"}],"wp:attachment":[{"href":"https:\/\/www.cudecoop.coop\/cudecoop\/wp-json\/wp\/v2\/media?parent=4852"}],"wp:term":[{"taxonomy":"category","embeddable":true,"href":"https:\/\/www.cudecoop.coop\/cudecoop\/wp-json\/wp\/v2\/categories?post=4852"},{"taxonomy":"post_tag","embeddable":true,"href":"https:\/\/www.cudecoop.coop\/cudecoop\/wp-json\/wp\/v2\/tags?post=4852"}],"curies":[{"name":"wp","href":"https:\/\/api.w.org\/{rel}","templated":true}]}}