{"id":4807,"date":"2025-01-22T17:08:16","date_gmt":"2025-01-22T20:08:16","guid":{"rendered":"https:\/\/www.cudecoop.coop\/cudecoop\/?p=4807"},"modified":"2026-02-09T15:23:48","modified_gmt":"2026-02-09T18:23:48","slug":"2025-ano-internacional-de-las-cooperativas","status":"publish","type":"post","link":"https:\/\/www.cudecoop.coop\/cudecoop\/2025-ano-internacional-de-las-cooperativas\/","title":{"rendered":"2025: A\u00d1O INTERNACIONAL DE LAS COOPERATIVAS"},"content":{"rendered":"<p><span style=\"font-size: 1rem;\">El A\u00f1o Internacional de las Cooperativas (AIC2025) es una conmemoraci\u00f3n que tiene lugar este a\u00f1o y que <\/span><mark class=\"QVRyCf\" style=\"font-size: 1rem;\">fue proclamada por la Asamblea General de las Naciones Unidas el 19 de junio de 2024<\/mark><span style=\"font-size: 1rem;\">.<\/span><span class=\"pjBG2e\" style=\"font-size: 1rem;\" data-cid=\"c07ce1db-7b24-452c-bfa9-3a11ef66137f\"><span class=\"UV3uM\">&nbsp;<\/span><\/span><\/p>\n<div class=\"WaaZC\">\n<div class=\"RJPOee EIJn2\">\n<div data-hveid=\"CAkQAQ\" data-ved=\"2ahUKEwic1ZbpgoqLAxXtJrkGHZ6sGLMQo_EKegQICRAB\">El lanzamiento de la agenda regional de Am\u00e9rica se realiza en Uruguay (Punta del Este, Maldonado) el 20 de febrero. Donde nuestro pa\u00eds contar\u00e1 con la distinci\u00f3n de ser el pa\u00eds sede del lanzamiento de la Agenda Regional para la celebraci\u00f3n del A\u00f1o Internacional de las Cooperativas, evento que contar\u00e1 con la presencia de delegaciones de Am\u00e9rica y las m\u00e1ximas autoridades del movimiento cooperativo a nivel nacional y mundial. En este lanzamiento se dar\u00e1 a conocer la Agenda regional de actividades en el marco de la conmemoraci\u00f3n del A\u00f1o Internacional de las Cooperativas.&nbsp;<\/div>\n<div data-hveid=\"CAkQAQ\" data-ved=\"2ahUKEwic1ZbpgoqLAxXtJrkGHZ6sGLMQo_EKegQICRAB\">&nbsp;<\/div>\n<div data-hveid=\"CAkQAQ\" data-ved=\"2ahUKEwic1ZbpgoqLAxXtJrkGHZ6sGLMQo_EKegQICRAB\">&nbsp;<\/div>\n<div data-hveid=\"CAkQAQ\" data-ved=\"2ahUKEwic1ZbpgoqLAxXtJrkGHZ6sGLMQo_EKegQICRAB\">\n<p><span data-huuid=\"5914255526833472786\">El lema de este a\u00f1o es &#8220;Las cooperativas construyen un mundo mejor&#8221;.&nbsp;<\/span><span data-huuid=\"5914255526833472919\">Este lema busca destacar el impacto que tienen las cooperativas en el desarrollo socioecon\u00f3mico y su contribuci\u00f3n a los Objetivos de Desarrollo Sostenible (ODS) de 2030.<\/span><\/p>\n<div class=\"NPrrbc\" data-cid=\"ad261bb1-35ba-4f60-bfbf-f16a18d0bad2\" data-uuids=\"5914255526833472786,5914255526833472919\">\n<div class=\"BMebGe btku5b fCrZyc LwdV0e FR7ZSc OJeuxf\" tabindex=\"0\" role=\"button\" aria-label=\"Ver v\u00ednculos relacionados\" data-hveid=\"CAgQAQ\" data-ved=\"2ahUKEwic1ZbpgoqLAxXtJrkGHZ6sGLMQ3fYKegQICBAB\">\n<div class=\"niO4u\">\n<div class=\"kHtcsd\">&nbsp;<\/div>\n<\/div>\n<\/div>\n<\/div>\n<\/div>\n<\/div>\n<\/div>\n<div class=\"WaaZC\">\n<div class=\"RJPOee EIJn2\">\n<div class=\"rPeykc uP58nb\" data-hveid=\"CA4QAQ\" data-ved=\"2ahUKEwic1ZbpgoqLAxXtJrkGHZ6sGLMQo_EKegQIDhAB\">\n<p><span data-huuid=\"9472140528904225277\"><span role=\"heading\" aria-level=\"2\">El AIC2025 tiene como objetivos:<\/span><span class=\"pjBG2e\" data-cid=\"68d52fce-0c30-4763-8eb1-ad2458b3ef17\"><span class=\"UV3uM\">&nbsp;<\/span><\/span><\/span><\/p>\n<div class=\"NPrrbc\" data-cid=\"68d52fce-0c30-4763-8eb1-ad2458b3ef17\" data-uuids=\"9472140528904225277\">\n<div class=\"BMebGe btku5b fCrZyc LwdV0e FR7ZSc OJeuxf\" tabindex=\"0\" role=\"button\" aria-label=\"Ver v\u00ednculos relacionados\" data-hveid=\"CBEQAQ\" data-ved=\"2ahUKEwic1ZbpgoqLAxXtJrkGHZ6sGLMQ3fYKegQIERAB\">\n<div class=\"niO4u\">\n<div class=\"kHtcsd\">&nbsp;<\/div>\n<\/div>\n<\/div>\n<\/div>\n<\/div>\n<\/div>\n<\/div>\n<div class=\"WaaZC\">\n<div class=\"RJPOee EIJn2\">\n<ul data-hveid=\"CCEQAQ\" data-ved=\"2ahUKEwic1ZbpgoqLAxXtJrkGHZ6sGLMQm_YKegQIIRAB\">\n<li><span data-huuid=\"9472140528904225084\">Promover el papel de las cooperativas en el desarrollo sostenible<span class=\"pjBG2e\" data-cid=\"e2a5d518-207e-496e-a556-633eab224132\"><span class=\"UV3uM\">&nbsp;<\/span><\/span><\/span>\n<div class=\"NPrrbc\" data-cid=\"e2a5d518-207e-496e-a556-633eab224132\" data-uuids=\"9472140528904225084\">\n<div class=\"BMebGe btku5b fCrZyc LwdV0e FR7ZSc OJeuxf\" tabindex=\"0\" role=\"button\" aria-label=\"Ver v\u00ednculos relacionados\" data-hveid=\"CBUQAQ\" data-ved=\"2ahUKEwic1ZbpgoqLAxXtJrkGHZ6sGLMQ3fYKegQIFRAB\">\n<div class=\"niO4u\">\n<div class=\"kHtcsd\">&nbsp;<\/div>\n<\/div>\n<\/div>\n<\/div>\n<\/li>\n<li><span data-huuid=\"9472140528904227686\">Reconocer el impacto de las cooperativas en la creaci\u00f3n de empleo y la reducci\u00f3n de la pobreza<span class=\"pjBG2e\" data-cid=\"f073905c-956c-4a17-b643-614abbce84c6\"><span class=\"UV3uM\">&nbsp;<\/span><\/span><\/span>\n<div class=\"NPrrbc\" data-cid=\"f073905c-956c-4a17-b643-614abbce84c6\" data-uuids=\"9472140528904227686\">\n<div class=\"BMebGe btku5b fCrZyc LwdV0e FR7ZSc OJeuxf\" tabindex=\"0\" role=\"button\" aria-label=\"Ver v\u00ednculos relacionados\" data-hveid=\"CB8QAQ\" data-ved=\"2ahUKEwic1ZbpgoqLAxXtJrkGHZ6sGLMQ3fYKegQIHxAB\">\n<div class=\"niO4u\">\n<div class=\"kHtcsd\">&nbsp;<\/div>\n<\/div>\n<\/div>\n<\/div>\n<\/li>\n<li><span data-huuid=\"9472140528904226192\">Fomentar la participaci\u00f3n de la juventud en el movimiento cooperativo<span class=\"pjBG2e\" data-cid=\"33f7df43-8c42-43ca-aaaa-208db0bfeffb\"><span class=\"UV3uM\">&nbsp;<\/span><\/span><\/span>\n<div class=\"NPrrbc\" data-cid=\"33f7df43-8c42-43ca-aaaa-208db0bfeffb\" data-uuids=\"9472140528904226192\">\n<div class=\"BMebGe btku5b fCrZyc LwdV0e FR7ZSc OJeuxf\" tabindex=\"0\" role=\"button\" aria-label=\"Ver v\u00ednculos relacionados\" data-hveid=\"CBsQAQ\" data-ved=\"2ahUKEwic1ZbpgoqLAxXtJrkGHZ6sGLMQ3fYKegQIGxAB\">\n<div class=\"niO4u\">\n<div class=\"kHtcsd\">&nbsp;<\/div>\n<\/div>\n<\/div>\n<\/div>\n<\/li>\n<li><span data-huuid=\"9472140528904228794\">Inspirar a los Estados Miembros a crear comit\u00e9s nacionales para coordinar actividades conmemorativas<span class=\"pjBG2e\" data-cid=\"6ce4a231-b65c-471e-bc85-2060d9a39226\"><span class=\"UV3uM\">&nbsp;<\/span><\/span><\/span>\n<div class=\"NPrrbc\" data-cid=\"6ce4a231-b65c-471e-bc85-2060d9a39226\" data-uuids=\"9472140528904228794\">\n<div class=\"BMebGe btku5b fCrZyc LwdV0e FR7ZSc OJeuxf\" tabindex=\"0\" role=\"button\" aria-label=\"Ver v\u00ednculos relacionados\" data-hveid=\"CBgQAQ\" data-ved=\"2ahUKEwic1ZbpgoqLAxXtJrkGHZ6sGLMQ3fYKegQIGBAB\">&nbsp;<\/div>\n<\/div>\n<\/li>\n<\/ul>\n<\/div>\n<\/div>\n<div class=\"WaaZC\">\n<div class=\"RJPOee EIJn2\">\n<div class=\"rPeykc\" data-hveid=\"CCcQAQ\" data-ved=\"2ahUKEwic1ZbpgoqLAxXtJrkGHZ6sGLMQo_EKegQIJxAB\"><span data-huuid=\"11311338091574053024\">La inauguraci\u00f3n oficial del AIC2025 tuvo lugar en Nueva Delhi (India) el 25 de noviembre de 2024.<\/span><\/div>\n<div data-hveid=\"CCcQAQ\" data-ved=\"2ahUKEwic1ZbpgoqLAxXtJrkGHZ6sGLMQo_EKegQIJxAB\">En dicho marco se destac\u00f3 que los objetivos desde la Alianza Cooperativa Internacional para este a\u00f1o conmemorativo, son los siguientes:&nbsp;<\/div>\n<div data-hveid=\"CCcQAQ\" data-ved=\"2ahUKEwic1ZbpgoqLAxXtJrkGHZ6sGLMQo_EKegQIJxAB\">&nbsp;<\/div>\n<div data-hveid=\"CCcQAQ\" data-ved=\"2ahUKEwic1ZbpgoqLAxXtJrkGHZ6sGLMQo_EKegQIJxAB\">\n<div class=\"paragraph paragraph--type--text paragraph--view-mode--default\">\n<div class=\"field field--name-field-content-text field--type-text-long field--label-hidden field__item\">\n<ol>\n<li>Dar mayor visibilidad a las cooperativas y concienciar al p\u00fablico sobre su contribuci\u00f3n al desarrollo sostenible.&nbsp;<\/li>\n<li>Promover el crecimiento y desarrollo de las cooperativas a trav\u00e9s de iniciativas de capacitaci\u00f3n, intercambio de conocimientos y alianzas de colaboraci\u00f3n.<\/li>\n<li>Fomentar entornos favorables y marcos pol\u00edticos y legales adecuados para fortalecer los ecosistemas empresariales de las cooperativas.<\/li>\n<li>Inspirar a la juventud para que participe en el movimiento y promueva el poder de las cooperativas para crear un mundo mejor.<\/li>\n<\/ol>\n<\/div>\n<\/div>\n<div class=\"paragraph paragraph--type--button paragraph--view-mode--default\">El primer A\u00f1o Internacional de las Cooperativas de la ONU se celebr\u00f3 en 2012 con el lema &#8220;Las empresas cooperativas construyen un mundo mejor&#8221;. Este hito permiti\u00f3 a las cooperativas de todo el mundo destacar sus contribuciones al desarrollo socioecon\u00f3mico, en concreto su impacto sobre la reducci\u00f3n de la pobreza, la generaci\u00f3n de empleo y la integraci\u00f3n social.<\/div>\n<\/div>\n<\/div>\n<\/div>\n<div>&nbsp;<\/div>\n<div>&nbsp;<\/div>\n<div>Si en tu cooperativa desean utilizar el logo del A\u00f1o Internacional, aqu\u00ed debajo dejamos las indicaciones de acceso al mismo.&nbsp;<\/div>\n<div class=\"WaaZC\">\n<div class=\"RJPOee EIJn2\">\n<div data-hveid=\"CCcQAQ\" data-ved=\"2ahUKEwic1ZbpgoqLAxXtJrkGHZ6sGLMQo_EKegQIJxAB\">&nbsp;<\/div>\n<\/div>\n<\/div>\n<p style=\"font-weight: 400;\"><strong>\u00bfC\u00d3MO USAR LA IMAGEN OFICIAL DEL A\u00d1O INTERNACIONAL DE LAS COOPERATIVAS?<\/strong><\/p>\n<p style=\"font-weight: 400;\">En las \u00faltimas horas&nbsp;<a href=\"https:\/\/crm.ica.coop\/civicrm\/mailing\/view?id=3755\" data-saferedirecturl=\"https:\/\/www.google.com\/url?q=https:\/\/crm.ica.coop\/civicrm\/mailing\/view?id%3D3755&amp;source=gmail&amp;ust=1737658888551000&amp;usg=AOvVaw3W0YJDveIFIN1ZzI8-EZb3\">la Alianza Cooperativa Internacional difundi\u00f3 el logo del A\u00f1o Internacional de las Cooperativas de Naciones Unidas<\/a>&nbsp;y las gu\u00edas para su uso, de acuerdo a lo estipulado por el Comit\u00e9 de Promoci\u00f3n de las Cooperativas (Copac) de la ONU.<\/p>\n<p style=\"font-weight: 400;\">Las palabras \u00abA\u00f1o Internacional de las Cooperativas\u00bb aparecen bajo el logo junto con el a\u00f1o 2025. Consta de tres colores, inspirados en la identidad gr\u00e1fica de los Objetivos de Desarrollo Sostenible, de acuerdo con lo informado por la ACI.<\/p>\n<p style=\"font-weight: 400;\">El rojo representa lo social, el azul representa lo econ\u00f3mico y el verde representa el medio ambiente. As\u00ed se reflejan las tres dimensiones en las que contribuyen las cooperativas de cara al desarrollo sostenible.<\/p>\n<p style=\"font-weight: 400;\">El logo ya est\u00e1 disponible en espa\u00f1ol, ingl\u00e9s, franc\u00e9s, \u00e1rabe, chino y ruso, en tanto el Copac est\u00e1 desarrollando una web espec\u00edfica para el AIC2025 cuyo lanzamiento est\u00e1 previsto en noviembre.<\/p>\n<p style=\"font-weight: 400;\"><strong>Directrices y solicitud para el uso del logo<\/strong><\/p>\n<p style=\"font-weight: 400;\">Cualquier entidad ajena a la ONU que desee utilizar el logo del AIC con fines informativos y\/o de recaudaci\u00f3n de fondos deber\u00e1 presentar un&nbsp;<a href=\"https:\/\/docs.google.com\/forms\/d\/e\/1FAIpQLSdAQCS46xiZpUFrWwBZlLKMfRYW6PRHgq27XgieD5V_-qxE2w\/viewform?fbzx=-1428992912242808703\" data-saferedirecturl=\"https:\/\/www.google.com\/url?q=https:\/\/docs.google.com\/forms\/d\/e\/1FAIpQLSdAQCS46xiZpUFrWwBZlLKMfRYW6PRHgq27XgieD5V_-qxE2w\/viewform?fbzx%3D-1428992912242808703&amp;source=gmail&amp;ust=1737658888551000&amp;usg=AOvVaw24Q60THtGJWAUvYxfxMSNu\">formulario de solicitud<\/a>&nbsp;y un&nbsp;<a href=\"https:\/\/www.copac.coop\/wp-content\/uploads\/2024\/10\/IYC-2025-Logo-Waiver-For-Signature.pdf\" data-saferedirecturl=\"https:\/\/www.google.com\/url?q=https:\/\/www.copac.coop\/wp-content\/uploads\/2024\/10\/IYC-2025-Logo-Waiver-For-Signature.pdf&amp;source=gmail&amp;ust=1737658888551000&amp;usg=AOvVaw2aGh7ra9J0f-rNjBQAWCfl\">descargo de responsabilidad<\/a>, que deber\u00e1 ser firmado y cargado al final del formulario.<\/p>\n<p style=\"font-weight: 400;\">Se debe tener en cuenta que la aprobaci\u00f3n puede tardar en concederse entre una y dos semanas. Las solicitudes se atender\u00e1n por orden de recepci\u00f3n.<\/p>\n<p style=\"font-weight: 400;\">Una vez aprobada la solicitud y recibido el documento de descargo de responsabilidad, la Secretar\u00eda del AIC enviar\u00e1 al solicitante el enlace para descargar los archivos del logo que se podr\u00e1n utilizar con fines promocionales durante la celebraci\u00f3n del A\u00f1o.<\/p>\n<p style=\"font-weight: 400;\">Al aplicar el formulario, cada organizaci\u00f3n acepta la responsabilidad total de comprender y seguir las pautas oficiales y de garantizar que todos sus miembros hagan lo mismo.<\/p>\n<ul style=\"font-weight: 400;\">\n<li><strong><a href=\"http:\/\/www.copac.coop\/wp-content\/uploads\/2024\/10\/IYC-2025-Visual_Identity_Guidelines.pdf\" data-saferedirecturl=\"https:\/\/www.google.com\/url?q=http:\/\/www.copac.coop\/wp-content\/uploads\/2024\/10\/IYC-2025-Visual_Identity_Guidelines.pdf&amp;source=gmail&amp;ust=1737658888551000&amp;usg=AOvVaw2-gg2jgK3KvDg52NhEkF0B\">Directrices de marca para uso del logo<\/a><\/strong><\/li>\n<li><strong><a href=\"https:\/\/www.copac.coop\/wp-content\/uploads\/2024\/10\/IYC-2025-Logo-Waiver-For-Signature.pdf\" data-saferedirecturl=\"https:\/\/www.google.com\/url?q=https:\/\/www.copac.coop\/wp-content\/uploads\/2024\/10\/IYC-2025-Logo-Waiver-For-Signature.pdf&amp;source=gmail&amp;ust=1737658888551000&amp;usg=AOvVaw2aGh7ra9J0f-rNjBQAWCfl\">Descargo de responsabilidad para uso del logo<\/a><\/strong><\/li>\n<li><strong><a href=\"https:\/\/docs.google.com\/forms\/d\/e\/1FAIpQLSdAQCS46xiZpUFrWwBZlLKMfRYW6PRHgq27XgieD5V_-qxE2w\/viewform?fbzx=-1428992912242808703\" data-saferedirecturl=\"https:\/\/www.google.com\/url?q=https:\/\/docs.google.com\/forms\/d\/e\/1FAIpQLSdAQCS46xiZpUFrWwBZlLKMfRYW6PRHgq27XgieD5V_-qxE2w\/viewform?fbzx%3D-1428992912242808703&amp;source=gmail&amp;ust=1737658888551000&amp;usg=AOvVaw24Q60THtGJWAUvYxfxMSNu\">Formulario para solicitar uso del logo<\/a><\/strong><\/li>\n<\/ul>\n<p style=\"font-weight: 400;\">La Secretar\u00eda del AIC atender\u00e1 cualquier pregunta en el correo <a href=\"mailto:copac@copac.coop\">copac@copac.coop<\/a>.<\/p>\n","protected":false},"excerpt":{"rendered":"<p>El A\u00f1o Internacional de las Cooperativas (AIC2025) es una conmemoraci\u00f3n que tiene lugar este a\u00f1o y que fue proclamada por la Asamblea General de las Naciones Unidas el 19 de junio de 2024.&nbsp; El lanzamiento de la agenda regional de Am\u00e9rica se realiza en Uruguay (Punta del Este, Maldonado) el 20 de febrero. Donde nuestro pa\u00eds contar\u00e1 con la distinci\u00f3n de ser el pa\u00eds sede del lanzamiento de la Agenda Regional para la celebraci\u00f3n del A\u00f1o Internacional de las Cooperativas, evento que contar\u00e1 con la presencia de delegaciones de Am\u00e9rica y las m\u00e1ximas autoridades del movimiento cooperativo a nivel nacional [&#8230;]<\/p>\n","protected":false},"author":27,"featured_media":4808,"comment_status":"open","ping_status":"open","sticky":false,"template":"","format":"standard","meta":{"_acf_changed":false,"ngg_post_thumbnail":0,"footnotes":""},"categories":[7,6,1,14,13],"tags":[],"class_list":["post-4807","post","type-post","status-publish","format-standard","has-post-thumbnail","hentry","category-cooperativas","category-institucionales","category-noticias","category-programas","category-uncategorized"],"acf":[],"_links":{"self":[{"href":"https:\/\/www.cudecoop.coop\/cudecoop\/wp-json\/wp\/v2\/posts\/4807","targetHints":{"allow":["GET"]}}],"collection":[{"href":"https:\/\/www.cudecoop.coop\/cudecoop\/wp-json\/wp\/v2\/posts"}],"about":[{"href":"https:\/\/www.cudecoop.coop\/cudecoop\/wp-json\/wp\/v2\/types\/post"}],"author":[{"embeddable":true,"href":"https:\/\/www.cudecoop.coop\/cudecoop\/wp-json\/wp\/v2\/users\/27"}],"replies":[{"embeddable":true,"href":"https:\/\/www.cudecoop.coop\/cudecoop\/wp-json\/wp\/v2\/comments?post=4807"}],"version-history":[{"count":2,"href":"https:\/\/www.cudecoop.coop\/cudecoop\/wp-json\/wp\/v2\/posts\/4807\/revisions"}],"predecessor-version":[{"id":5414,"href":"https:\/\/www.cudecoop.coop\/cudecoop\/wp-json\/wp\/v2\/posts\/4807\/revisions\/5414"}],"wp:featuredmedia":[{"embeddable":true,"href":"https:\/\/www.cudecoop.coop\/cudecoop\/wp-json\/wp\/v2\/media\/4808"}],"wp:attachment":[{"href":"https:\/\/www.cudecoop.coop\/cudecoop\/wp-json\/wp\/v2\/media?parent=4807"}],"wp:term":[{"taxonomy":"category","embeddable":true,"href":"https:\/\/www.cudecoop.coop\/cudecoop\/wp-json\/wp\/v2\/categories?post=4807"},{"taxonomy":"post_tag","embeddable":true,"href":"https:\/\/www.cudecoop.coop\/cudecoop\/wp-json\/wp\/v2\/tags?post=4807"}],"curies":[{"name":"wp","href":"https:\/\/api.w.org\/{rel}","templated":true}]}}