{"id":4796,"date":"2024-12-23T19:17:38","date_gmt":"2024-12-23T22:17:38","guid":{"rendered":"https:\/\/www.cudecoop.coop\/cudecoop\/?p=4796"},"modified":"2025-01-23T16:09:08","modified_gmt":"2025-01-23T19:09:08","slug":"llamado-a-promotor-a-para-florida","status":"publish","type":"post","link":"https:\/\/www.cudecoop.coop\/cudecoop\/llamado-a-promotor-a-para-florida\/","title":{"rendered":"LLAMADO A PROMOTOR\/A PARA FLORIDA"},"content":{"rendered":"<p>El objetivo general es contribuir al&nbsp;<strong>desarrollo y fortalecimiento del Movimiento Cooperativo en todo el territorio naciona<\/strong>l, generando y promoviendo espacios de articulaci\u00f3n y coordinaci\u00f3n del cooperativismo&nbsp;<strong>en perspectiva sectorial, nacional e internacional<\/strong><\/p>\n<p>Es excluyente que residan en el Departamento a trabajar y que&nbsp;tengan facturaci\u00f3n activa para el cobro de honorarios, as\u00ed como disponibilidad para cumplir con actividades y reuniones en todo el territorio nacional.&nbsp;<\/p>\n<p><strong>Cierre del llamado<\/strong>: 20 de enero 2025<\/p>\n<p>Por favor, al momento de enviar la informaci\u00f3n solicitada v\u00eda correo electr\u00f3nico, detallar en el&nbsp;<strong>asunto<\/strong>&nbsp;puesto y Departamento al que postula.<\/p>\n<p>Ver los T\u00e9rminos de Referencia <a href=\"http:\/\/www.cudecoop.coop\/cudecoop\/wp-content\/uploads\/2024\/12\/TDR_Florida_2025-1.pdf\">TDR_Florida_2025<\/a><\/p>\n","protected":false},"excerpt":{"rendered":"<p>El objetivo general es contribuir al&nbsp;desarrollo y fortalecimiento del Movimiento Cooperativo en todo el territorio nacional, generando y promoviendo espacios de articulaci\u00f3n y coordinaci\u00f3n del cooperativismo&nbsp;en perspectiva sectorial, nacional e internacional Es excluyente que residan en el Departamento a trabajar y que&nbsp;tengan facturaci\u00f3n activa para el cobro de honorarios, as\u00ed como disponibilidad para cumplir con actividades y reuniones en todo el territorio nacional.&nbsp; Cierre del llamado: 20 de enero 2025 Por favor, al momento de enviar la informaci\u00f3n solicitada v\u00eda correo electr\u00f3nico, detallar en el&nbsp;asunto&nbsp;puesto y Departamento al que postula. Ver los T\u00e9rminos de Referencia [&#8230;]<\/p>\n","protected":false},"author":27,"featured_media":4798,"comment_status":"open","ping_status":"open","sticky":false,"template":"","format":"standard","meta":{"_acf_changed":false,"ngg_post_thumbnail":0,"footnotes":""},"categories":[7,6,1],"tags":[],"class_list":["post-4796","post","type-post","status-publish","format-standard","has-post-thumbnail","hentry","category-cooperativas","category-institucionales","category-noticias"],"acf":[],"_links":{"self":[{"href":"https:\/\/www.cudecoop.coop\/cudecoop\/wp-json\/wp\/v2\/posts\/4796","targetHints":{"allow":["GET"]}}],"collection":[{"href":"https:\/\/www.cudecoop.coop\/cudecoop\/wp-json\/wp\/v2\/posts"}],"about":[{"href":"https:\/\/www.cudecoop.coop\/cudecoop\/wp-json\/wp\/v2\/types\/post"}],"author":[{"embeddable":true,"href":"https:\/\/www.cudecoop.coop\/cudecoop\/wp-json\/wp\/v2\/users\/27"}],"replies":[{"embeddable":true,"href":"https:\/\/www.cudecoop.coop\/cudecoop\/wp-json\/wp\/v2\/comments?post=4796"}],"version-history":[{"count":3,"href":"https:\/\/www.cudecoop.coop\/cudecoop\/wp-json\/wp\/v2\/posts\/4796\/revisions"}],"predecessor-version":[{"id":4819,"href":"https:\/\/www.cudecoop.coop\/cudecoop\/wp-json\/wp\/v2\/posts\/4796\/revisions\/4819"}],"wp:featuredmedia":[{"embeddable":true,"href":"https:\/\/www.cudecoop.coop\/cudecoop\/wp-json\/wp\/v2\/media\/4798"}],"wp:attachment":[{"href":"https:\/\/www.cudecoop.coop\/cudecoop\/wp-json\/wp\/v2\/media?parent=4796"}],"wp:term":[{"taxonomy":"category","embeddable":true,"href":"https:\/\/www.cudecoop.coop\/cudecoop\/wp-json\/wp\/v2\/categories?post=4796"},{"taxonomy":"post_tag","embeddable":true,"href":"https:\/\/www.cudecoop.coop\/cudecoop\/wp-json\/wp\/v2\/tags?post=4796"}],"curies":[{"name":"wp","href":"https:\/\/api.w.org\/{rel}","templated":true}]}}