{"id":4788,"date":"2024-12-20T18:41:59","date_gmt":"2024-12-20T21:41:59","guid":{"rendered":"https:\/\/www.cudecoop.coop\/cudecoop\/?p=4788"},"modified":"2024-12-20T18:43:07","modified_gmt":"2024-12-20T21:43:07","slug":"nuevo-acuerdo-interinstitucional-entre-ccu-y-fucc","status":"publish","type":"post","link":"https:\/\/www.cudecoop.coop\/cudecoop\/nuevo-acuerdo-interinstitucional-entre-ccu-y-fucc\/","title":{"rendered":"Nuevo acuerdo interinstitucional entre CCU y FUCC"},"content":{"rendered":"<p>El pasado 18 de diciembre se celebr\u00f3 la firma de un nuevo convenio de trabajo entre el Centro Cooperativista Uruguaya (CCU) y la Federaci\u00f3n Uruguaya de Cooperativas de Consumo (FUCC) para promover la econom\u00eda social y solidaria y el cooperativismo.<br \/>\nEste acuerdo busca establecer un marco de cooperaci\u00f3n entre estas instituciones abordando en forma conjunta temas de inter\u00e9s com\u00fan como la producci\u00f3n cooperativa de vivienda entre sus asociados, la promoci\u00f3n de capacitaci\u00f3n y formaci\u00f3n de j\u00f3venes, el consumo responsable, sensibilizaci\u00f3n en enverdecimiento entre otros temas posibles que se acordar\u00e1n.<br \/>\nTambi\u00e9n se propone fortalecer la participaci\u00f3n en las Mesas Intercooperativas, la intercooperaci\u00f3n y la generaci\u00f3n de pol\u00edticas de frontera vinculadas a las organizaciones de la Econom\u00eda Social y Solidaria y las cooperativas.<\/p>\n<p>\u00a1Felicidades!<\/p>\n","protected":false},"excerpt":{"rendered":"<p>El pasado 18 de diciembre se celebr\u00f3 la firma de un nuevo convenio de trabajo entre el Centro Cooperativista Uruguaya (CCU) y la Federaci\u00f3n Uruguaya de Cooperativas de Consumo (FUCC) para promover la econom\u00eda social y solidaria y el cooperativismo.<br \/> Este acuerdo busca establecer un marco de cooperaci\u00f3n entre estas instituciones abordando en forma conjunta temas de inter\u00e9s com\u00fan como la producci\u00f3n cooperativa de vivienda entre sus asociados, la promoci\u00f3n de capacitaci\u00f3n y formaci\u00f3n de j\u00f3venes, el consumo responsable, sensibilizaci\u00f3n en enverdecimiento entre otros temas posibles que se acordar\u00e1n.<br \/> Tambi\u00e9n se propone fortalecer la participaci\u00f3n en las Mesas [&#8230;]<\/p>\n","protected":false},"author":27,"featured_media":4789,"comment_status":"open","ping_status":"open","sticky":false,"template":"","format":"standard","meta":{"_acf_changed":false,"ngg_post_thumbnail":0,"footnotes":""},"categories":[7,6,1,14,13],"tags":[],"class_list":["post-4788","post","type-post","status-publish","format-standard","has-post-thumbnail","hentry","category-cooperativas","category-institucionales","category-noticias","category-programas","category-uncategorized"],"acf":[],"_links":{"self":[{"href":"https:\/\/www.cudecoop.coop\/cudecoop\/wp-json\/wp\/v2\/posts\/4788","targetHints":{"allow":["GET"]}}],"collection":[{"href":"https:\/\/www.cudecoop.coop\/cudecoop\/wp-json\/wp\/v2\/posts"}],"about":[{"href":"https:\/\/www.cudecoop.coop\/cudecoop\/wp-json\/wp\/v2\/types\/post"}],"author":[{"embeddable":true,"href":"https:\/\/www.cudecoop.coop\/cudecoop\/wp-json\/wp\/v2\/users\/27"}],"replies":[{"embeddable":true,"href":"https:\/\/www.cudecoop.coop\/cudecoop\/wp-json\/wp\/v2\/comments?post=4788"}],"version-history":[{"count":1,"href":"https:\/\/www.cudecoop.coop\/cudecoop\/wp-json\/wp\/v2\/posts\/4788\/revisions"}],"predecessor-version":[{"id":4790,"href":"https:\/\/www.cudecoop.coop\/cudecoop\/wp-json\/wp\/v2\/posts\/4788\/revisions\/4790"}],"wp:featuredmedia":[{"embeddable":true,"href":"https:\/\/www.cudecoop.coop\/cudecoop\/wp-json\/wp\/v2\/media\/4789"}],"wp:attachment":[{"href":"https:\/\/www.cudecoop.coop\/cudecoop\/wp-json\/wp\/v2\/media?parent=4788"}],"wp:term":[{"taxonomy":"category","embeddable":true,"href":"https:\/\/www.cudecoop.coop\/cudecoop\/wp-json\/wp\/v2\/categories?post=4788"},{"taxonomy":"post_tag","embeddable":true,"href":"https:\/\/www.cudecoop.coop\/cudecoop\/wp-json\/wp\/v2\/tags?post=4788"}],"curies":[{"name":"wp","href":"https:\/\/api.w.org\/{rel}","templated":true}]}}