{"id":4772,"date":"2024-12-17T15:32:56","date_gmt":"2024-12-17T18:32:56","guid":{"rendered":"https:\/\/www.cudecoop.coop\/cudecoop\/?p=4772"},"modified":"2024-12-17T16:01:31","modified_gmt":"2024-12-17T19:01:31","slug":"se-presento-angel-la-serie-cooperativa-en-cinemateca-para-la-familia-cooperativa","status":"publish","type":"post","link":"https:\/\/www.cudecoop.coop\/cudecoop\/se-presento-angel-la-serie-cooperativa-en-cinemateca-para-la-familia-cooperativa\/","title":{"rendered":"Se present\u00f3 \u00c1ngel, la serie cooperativa, en Cinemateca para la familia cooperativa"},"content":{"rendered":"<p>\u00c1ngel, la serie cooperativa, se exhibi\u00f3 en el marco de los 62 a\u00f1os de la Federaci\u00f3n de Cooperativas de Producci\u00f3n del Uruguay (FCPU), el lunes 16 de diciembre en Cinemateca, con objetivo de compartir con el cooperativismo nacional algunos de los cap\u00edtulos, realizados por dos productoras cooperativas que lo vienen trabajando desde el a\u00f1o 2022.<\/p>\n<p>La serie es un proyecto grande sin antecedentes en el movimiento, llevado adelante por las cooperativas Intergalactic y Cuenco Cine, ambas egresadas de <a href=\"https:\/\/incubacoop.org.uy\/incubacoop\/\">Incubacoop<\/a>, quienes realizaron la producci\u00f3n y producci\u00f3n ejecutiva del proyecto. Consultamos a su productor ejecutivo, Andr\u00e9s Roel, sobre las caracter\u00edsticas de esta realizaci\u00f3n y el alcance que se espera con este proyecto.&nbsp;<\/p>\n<p>En esta conversaci\u00f3n Roel coment\u00f3 que el proyecto involucra junto con las cooperativas y m\u00e1s colaboradores alrededor de 25 personas (crew), adem\u00e1s sumando equipo de producci\u00f3n podemos decir que hubo alrededor de 60 personas formando parte.<\/p>\n<p>El Productor destac\u00f3 que el motor de \u00c1ngel es el formato cooperativo de producci\u00f3n, que se logr\u00f3 un producto de alt\u00edsima calidad, con buena fotograf\u00eda, actuaciones, etc. y que adem\u00e1s se realiz\u00f3 en tiempo r\u00e9cord de 18 d\u00edas de rodaje, din\u00e1mica de trabajo de industria, con un equipo de mucha experiencia que facilit\u00f3 cada etapa de la experiencia.<\/p>\n<p>En la presentaci\u00f3n en Cinemateca se proyectaron los cap\u00edtulos tres y cuatro para generar un espacio de encuentro con el movimiento cooperativo, ya que han sido parte de la gestaci\u00f3n de este proyecto en todas sus etapas.&nbsp;<\/p>\n<p>La serie se estrena en marzo 2025 en TV Ciudad, y va a salir tambi\u00e9n en otras plataformas. El equipo proyecta poder filmar m\u00e1s temporadas.&nbsp;<\/p>\n<p>Actualmente se encuentran en etapa de post producci\u00f3n, donde las cooperativas est\u00e1n abocadas en la distribuci\u00f3n y venta, como parte de este recorrido la proyectan por ferias y festivales. Hasta ahora han estado en la Feria Ventana Sur organizada por el March\u00e9 du Film \u2013 Festival de Cannes en Montevideo, en el Festival de Cine Nuevo &#8211; Detour, y contin\u00faan agendando la presentaci\u00f3n en distintos festivales y ferias. No se descarta una recorrida por los distintos Departamentos para presentar la serie en el marco de las Mesas Intercooperativas Departamentales.&nbsp;&nbsp;<\/p>\n<p>Destacamos adem\u00e1s que parte de los equipos t\u00e9cnicos de c\u00e1mara y lentes con los que realizaron la filmaci\u00f3n fueron obtenidos a trav\u00e9s del un fondo de desarrollo de proyectos de inversi\u00f3n cooperativos del Ministerio de Industria,&nbsp; Energ\u00eda y Miner\u00eda (MIEM).&nbsp;<\/p>\n<p>&nbsp;<\/p>\n","protected":false},"excerpt":{"rendered":"<p>\u00c1ngel, la serie cooperativa, se exhibi\u00f3 en el marco de los 62 a\u00f1os de la Federaci\u00f3n de Cooperativas de Producci\u00f3n del Uruguay (FCPU), el lunes 16 de diciembre en Cinemateca, con objetivo de compartir con el cooperativismo nacional algunos de los cap\u00edtulos, realizados por dos productoras cooperativas que lo vienen trabajando desde el a\u00f1o 2022. La serie es un proyecto grande sin antecedentes en el movimiento, llevado adelante por las cooperativas Intergalactic y Cuenco Cine, ambas egresadas de Incubacoop, quienes realizaron la producci\u00f3n y producci\u00f3n ejecutiva del proyecto. Consultamos a su productor ejecutivo, Andr\u00e9s Roel, sobre las caracter\u00edsticas de esta [&#8230;]<\/p>\n","protected":false},"author":27,"featured_media":4777,"comment_status":"open","ping_status":"open","sticky":false,"template":"","format":"standard","meta":{"_acf_changed":false,"ngg_post_thumbnail":0,"footnotes":""},"categories":[7,6,1],"tags":[],"class_list":["post-4772","post","type-post","status-publish","format-standard","has-post-thumbnail","hentry","category-cooperativas","category-institucionales","category-noticias"],"acf":[],"_links":{"self":[{"href":"https:\/\/www.cudecoop.coop\/cudecoop\/wp-json\/wp\/v2\/posts\/4772","targetHints":{"allow":["GET"]}}],"collection":[{"href":"https:\/\/www.cudecoop.coop\/cudecoop\/wp-json\/wp\/v2\/posts"}],"about":[{"href":"https:\/\/www.cudecoop.coop\/cudecoop\/wp-json\/wp\/v2\/types\/post"}],"author":[{"embeddable":true,"href":"https:\/\/www.cudecoop.coop\/cudecoop\/wp-json\/wp\/v2\/users\/27"}],"replies":[{"embeddable":true,"href":"https:\/\/www.cudecoop.coop\/cudecoop\/wp-json\/wp\/v2\/comments?post=4772"}],"version-history":[{"count":4,"href":"https:\/\/www.cudecoop.coop\/cudecoop\/wp-json\/wp\/v2\/posts\/4772\/revisions"}],"predecessor-version":[{"id":4778,"href":"https:\/\/www.cudecoop.coop\/cudecoop\/wp-json\/wp\/v2\/posts\/4772\/revisions\/4778"}],"wp:featuredmedia":[{"embeddable":true,"href":"https:\/\/www.cudecoop.coop\/cudecoop\/wp-json\/wp\/v2\/media\/4777"}],"wp:attachment":[{"href":"https:\/\/www.cudecoop.coop\/cudecoop\/wp-json\/wp\/v2\/media?parent=4772"}],"wp:term":[{"taxonomy":"category","embeddable":true,"href":"https:\/\/www.cudecoop.coop\/cudecoop\/wp-json\/wp\/v2\/categories?post=4772"},{"taxonomy":"post_tag","embeddable":true,"href":"https:\/\/www.cudecoop.coop\/cudecoop\/wp-json\/wp\/v2\/tags?post=4772"}],"curies":[{"name":"wp","href":"https:\/\/api.w.org\/{rel}","templated":true}]}}