{"id":4758,"date":"2024-12-09T19:24:33","date_gmt":"2024-12-09T19:24:33","guid":{"rendered":"https:\/\/www.cudecoop.coop\/cudecoop\/?p=4758"},"modified":"2025-03-14T12:30:51","modified_gmt":"2025-03-14T15:30:51","slug":"nuevas-autoridades-en-cudecoop-3","status":"publish","type":"post","link":"https:\/\/www.cudecoop.coop\/cudecoop\/nuevas-autoridades-en-cudecoop-3\/","title":{"rendered":"Nuevas autoridades en CUDECOOP"},"content":{"rendered":"<p>La Confederaci\u00f3n Uruguaya de Entidades Cooperativas (Cudecoop) eligi\u00f3 nuevas autoridades para el pr\u00f3ximo ejercicio.<\/p>\n<p>De acuerdo a lo que establecen los estatutos de la instituci\u00f3n, se llev\u00f3 a cabo el d\u00eda 28 de noviembre una Asamblea General Ordinaria en la que se eligieron las autoridades para el per\u00edodo 2024-2026<\/p>\n<p>La actividad se desarroll\u00f3 en las mismas instalaciones de la casa del cooperativismo,&nbsp; con la participaci\u00f3n de delegados de las diferentes organizaciones cooperativas socias de CUDECOOP.<\/p>\n<p>La integraci\u00f3n del Comit\u00e9 Ejecutivo para el per\u00edodo 2024-2026 es la siguiente:<\/p>\n<p>Presidente- Hugo Monta\u00f1o<\/p>\n<p>1er. Vicepresidente \u2013 Sergio Diz<\/p>\n<p>2do. Vicepresidente \u2013 Mario Alvarellos<\/p>\n<p>Secretario \u2013 Juan Carlos Canessa<\/p>\n<p>Tesorero \u2013 Fredy Rondan<\/p>\n<p>\u00a1\u00c9xitos en esta nueva gesti\u00f3n!&nbsp;<\/p>\n","protected":false},"excerpt":{"rendered":"<p>La Confederaci\u00f3n Uruguaya de Entidades Cooperativas (Cudecoop) eligi\u00f3 nuevas autoridades para el pr\u00f3ximo ejercicio. De acuerdo a lo que establecen los estatutos de la instituci\u00f3n, se llev\u00f3 a cabo el d\u00eda 28 de noviembre una Asamblea General Ordinaria en la que se eligieron las autoridades para el per\u00edodo 2024-2026 La actividad se desarroll\u00f3 en las mismas instalaciones de la casa del cooperativismo,&nbsp; con la participaci\u00f3n de delegados de las diferentes organizaciones cooperativas socias de CUDECOOP. La integraci\u00f3n del Comit\u00e9 Ejecutivo para el per\u00edodo 2024-2026 es la siguiente: Presidente- Hugo Monta\u00f1o 1er. Vicepresidente \u2013 Sergio Diz 2do. Vicepresidente \u2013 Mario Alvarellos [&#8230;]<\/p>\n","protected":false},"author":27,"featured_media":4759,"comment_status":"open","ping_status":"open","sticky":false,"template":"","format":"standard","meta":{"_acf_changed":false,"ngg_post_thumbnail":0,"footnotes":""},"categories":[7,6,1,14,13],"tags":[],"class_list":["post-4758","post","type-post","status-publish","format-standard","has-post-thumbnail","hentry","category-cooperativas","category-institucionales","category-noticias","category-programas","category-uncategorized"],"acf":[],"_links":{"self":[{"href":"https:\/\/www.cudecoop.coop\/cudecoop\/wp-json\/wp\/v2\/posts\/4758","targetHints":{"allow":["GET"]}}],"collection":[{"href":"https:\/\/www.cudecoop.coop\/cudecoop\/wp-json\/wp\/v2\/posts"}],"about":[{"href":"https:\/\/www.cudecoop.coop\/cudecoop\/wp-json\/wp\/v2\/types\/post"}],"author":[{"embeddable":true,"href":"https:\/\/www.cudecoop.coop\/cudecoop\/wp-json\/wp\/v2\/users\/27"}],"replies":[{"embeddable":true,"href":"https:\/\/www.cudecoop.coop\/cudecoop\/wp-json\/wp\/v2\/comments?post=4758"}],"version-history":[{"count":3,"href":"https:\/\/www.cudecoop.coop\/cudecoop\/wp-json\/wp\/v2\/posts\/4758\/revisions"}],"predecessor-version":[{"id":4764,"href":"https:\/\/www.cudecoop.coop\/cudecoop\/wp-json\/wp\/v2\/posts\/4758\/revisions\/4764"}],"wp:featuredmedia":[{"embeddable":true,"href":"https:\/\/www.cudecoop.coop\/cudecoop\/wp-json\/wp\/v2\/media\/4759"}],"wp:attachment":[{"href":"https:\/\/www.cudecoop.coop\/cudecoop\/wp-json\/wp\/v2\/media?parent=4758"}],"wp:term":[{"taxonomy":"category","embeddable":true,"href":"https:\/\/www.cudecoop.coop\/cudecoop\/wp-json\/wp\/v2\/categories?post=4758"},{"taxonomy":"post_tag","embeddable":true,"href":"https:\/\/www.cudecoop.coop\/cudecoop\/wp-json\/wp\/v2\/tags?post=4758"}],"curies":[{"name":"wp","href":"https:\/\/api.w.org\/{rel}","templated":true}]}}