{"id":4750,"date":"2024-12-04T16:28:49","date_gmt":"2024-12-04T16:28:49","guid":{"rendered":"https:\/\/www.cudecoop.coop\/cudecoop\/?p=4750"},"modified":"2024-12-04T17:33:28","modified_gmt":"2024-12-04T17:33:28","slug":"69-sesion-de-la-reunion-especializada-de-cooperativas-del-mercosur","status":"publish","type":"post","link":"https:\/\/www.cudecoop.coop\/cudecoop\/69-sesion-de-la-reunion-especializada-de-cooperativas-del-mercosur\/","title":{"rendered":"69 sesi\u00f3n de la Reuni\u00f3n Especializada de Cooperativas del Mercosur"},"content":{"rendered":"<p>Esta semana se celebr\u00f3 la 69 sesi\u00f3n de la Reuni\u00f3n Especializada de Cooperativas del Mercosur (RECM) en sede del Instituto Nacional del Cooperativismo.<br \/>\nParticiparon integrantes de las delegaciones de Paraguay, Argentina y Uruguay y Brasil.<br \/>\nPor Cudecoop estuvieron presentes Alicia Maneiro, presidenta y Marisol Fuentes, 1era vicepresidenta. Participaron tambi\u00e9n las principales autoridades del Instituto Nacional del Cooperativismo y la Auditor\u00eda General de la Naci\u00f3n.<\/p>\n<p>Uruguay present\u00f3 su informe en el que trat\u00f3 los siguientes puntos:<br \/>\n\ud83d\udfe8Trabajo en el marco de Colonia Capital Nacional del Cooperativismo 2024<br \/>\n\ud83d\udfe8 Organziac\u00f3n del Consejo de Administraci\u00f3n de Cooperativas de las Am\u00e9ricas en Colonia<br \/>\n\ud83d\udfe8 Elaboraci\u00f3n y presentaci\u00f3n de Propuestas Program\u00e1ticas a candidatos presidenciales<br \/>\n\ud83d\udfe8 7\u00b0 Encuentro Nacional de G\u00e9nero y Cooperativismo<br \/>\n\ud83d\udfe8 Elecciones en Cudecoop<br \/>\n\ud83d\udfe8 Reconocimiento a Graciela Fern\u00e1ndez en su retiro de la presidencia de Cooperativas de las Am\u00e9ricas.<\/p>\n","protected":false},"excerpt":{"rendered":"<p>Esta semana se celebr\u00f3 la 69 sesi\u00f3n de la Reuni\u00f3n Especializada de Cooperativas del Mercosur (RECM) en sede del Instituto Nacional del Cooperativismo.<br \/> Participaron integrantes de las delegaciones de Paraguay, Argentina y Uruguay y Brasil.<br \/> Por Cudecoop estuvieron presentes Alicia Maneiro, presidenta y Marisol Fuentes, 1era vicepresidenta. Participaron tambi\u00e9n las principales autoridades del Instituto Nacional del Cooperativismo y la Auditor\u00eda General de la Naci\u00f3n. Uruguay present\u00f3 su informe en el que trat\u00f3 los siguientes puntos:<br \/> \ud83d\udfe8Trabajo en el marco de Colonia Capital Nacional del Cooperativismo 2024<br \/> \ud83d\udfe8 Organziac\u00f3n del Consejo de Administraci\u00f3n de Cooperativas de las [&#8230;]<\/p>\n","protected":false},"author":27,"featured_media":4751,"comment_status":"open","ping_status":"open","sticky":false,"template":"","format":"standard","meta":{"_acf_changed":false,"ngg_post_thumbnail":0,"footnotes":""},"categories":[7,6,1],"tags":[],"class_list":["post-4750","post","type-post","status-publish","format-standard","has-post-thumbnail","hentry","category-cooperativas","category-institucionales","category-noticias"],"acf":[],"_links":{"self":[{"href":"https:\/\/www.cudecoop.coop\/cudecoop\/wp-json\/wp\/v2\/posts\/4750","targetHints":{"allow":["GET"]}}],"collection":[{"href":"https:\/\/www.cudecoop.coop\/cudecoop\/wp-json\/wp\/v2\/posts"}],"about":[{"href":"https:\/\/www.cudecoop.coop\/cudecoop\/wp-json\/wp\/v2\/types\/post"}],"author":[{"embeddable":true,"href":"https:\/\/www.cudecoop.coop\/cudecoop\/wp-json\/wp\/v2\/users\/27"}],"replies":[{"embeddable":true,"href":"https:\/\/www.cudecoop.coop\/cudecoop\/wp-json\/wp\/v2\/comments?post=4750"}],"version-history":[{"count":3,"href":"https:\/\/www.cudecoop.coop\/cudecoop\/wp-json\/wp\/v2\/posts\/4750\/revisions"}],"predecessor-version":[{"id":4754,"href":"https:\/\/www.cudecoop.coop\/cudecoop\/wp-json\/wp\/v2\/posts\/4750\/revisions\/4754"}],"wp:featuredmedia":[{"embeddable":true,"href":"https:\/\/www.cudecoop.coop\/cudecoop\/wp-json\/wp\/v2\/media\/4751"}],"wp:attachment":[{"href":"https:\/\/www.cudecoop.coop\/cudecoop\/wp-json\/wp\/v2\/media?parent=4750"}],"wp:term":[{"taxonomy":"category","embeddable":true,"href":"https:\/\/www.cudecoop.coop\/cudecoop\/wp-json\/wp\/v2\/categories?post=4750"},{"taxonomy":"post_tag","embeddable":true,"href":"https:\/\/www.cudecoop.coop\/cudecoop\/wp-json\/wp\/v2\/tags?post=4750"}],"curies":[{"name":"wp","href":"https:\/\/api.w.org\/{rel}","templated":true}]}}