{"id":4737,"date":"2024-11-28T20:35:47","date_gmt":"2024-11-28T20:35:47","guid":{"rendered":"https:\/\/www.cudecoop.coop\/cudecoop\/?p=4737"},"modified":"2025-03-14T12:31:32","modified_gmt":"2025-03-14T15:31:32","slug":"cierre-de-actividades-colonia-capital-nacional-del-cooperativismo-2024","status":"publish","type":"post","link":"https:\/\/www.cudecoop.coop\/cudecoop\/cierre-de-actividades-colonia-capital-nacional-del-cooperativismo-2024\/","title":{"rendered":"Cierre de actividades &#8211; Colonia Capital Nacional del Cooperativismo 2024"},"content":{"rendered":"<p>El martes 26 de noviembre, en la Casa de la Cultura de Colonia del Sacramento, se realiz\u00f3 la actividad de cierre de Colonia Capital Nacional del Cooperativismo 2024.&nbsp;<\/p>\n<p>Esta instancia, organizada por integrantes de la Mesa Intercooperativa de Colonia, propuso repasar los hitos y actividades realizadas a lo largo del corriente a\u00f1o y proyectar el 2025.&nbsp;<\/p>\n<p>De este intercambio participaron Alicia Maneiro, presidenta de Cudecoop; Mart\u00edn Fern\u00e1ndez, presidente del Instituto Nacional del Cooperativismo (Inacoop); Walter Godoy, director de la unidad Pymes de la Intendencia de Colonia e integrantes de las cooperativas Cintepa, Covideco V, Sacramento, El Puente, Coopespal y el grupo intercooperativo Alcico. Este encuentro reuni\u00f3 a todas las modalidades cooperativas de diferentes localidades del Departamento.&nbsp;<\/p>\n<p>De cara al nuevo a\u00f1o, surgieron la necesidad y el compromiso de generar una agenda compartida que con su construcci\u00f3n permita identificar los puntos clave de trabajo en conjunto.&nbsp;<\/p>\n","protected":false},"excerpt":{"rendered":"<p>El martes 26 de noviembre, en la Casa de la Cultura de Colonia del Sacramento, se realiz\u00f3 la actividad de cierre de Colonia Capital Nacional del Cooperativismo 2024.&nbsp; Esta instancia, organizada por integrantes de la Mesa Intercooperativa de Colonia, propuso repasar los hitos y actividades realizadas a lo largo del corriente a\u00f1o y proyectar el 2025.&nbsp; De este intercambio participaron Alicia Maneiro, presidenta de Cudecoop; Mart\u00edn Fern\u00e1ndez, presidente del Instituto Nacional del Cooperativismo (Inacoop); Walter Godoy, director de la unidad Pymes de la Intendencia de Colonia e integrantes de las cooperativas Cintepa, Covideco V, Sacramento, El Puente, Coopespal y el [&#8230;]<\/p>\n","protected":false},"author":27,"featured_media":4767,"comment_status":"open","ping_status":"open","sticky":false,"template":"","format":"standard","meta":{"_acf_changed":false,"ngg_post_thumbnail":0,"footnotes":""},"categories":[7,6,1],"tags":[],"class_list":["post-4737","post","type-post","status-publish","format-standard","has-post-thumbnail","hentry","category-cooperativas","category-institucionales","category-noticias"],"acf":[],"_links":{"self":[{"href":"https:\/\/www.cudecoop.coop\/cudecoop\/wp-json\/wp\/v2\/posts\/4737","targetHints":{"allow":["GET"]}}],"collection":[{"href":"https:\/\/www.cudecoop.coop\/cudecoop\/wp-json\/wp\/v2\/posts"}],"about":[{"href":"https:\/\/www.cudecoop.coop\/cudecoop\/wp-json\/wp\/v2\/types\/post"}],"author":[{"embeddable":true,"href":"https:\/\/www.cudecoop.coop\/cudecoop\/wp-json\/wp\/v2\/users\/27"}],"replies":[{"embeddable":true,"href":"https:\/\/www.cudecoop.coop\/cudecoop\/wp-json\/wp\/v2\/comments?post=4737"}],"version-history":[{"count":2,"href":"https:\/\/www.cudecoop.coop\/cudecoop\/wp-json\/wp\/v2\/posts\/4737\/revisions"}],"predecessor-version":[{"id":4741,"href":"https:\/\/www.cudecoop.coop\/cudecoop\/wp-json\/wp\/v2\/posts\/4737\/revisions\/4741"}],"wp:featuredmedia":[{"embeddable":true,"href":"https:\/\/www.cudecoop.coop\/cudecoop\/wp-json\/wp\/v2\/media\/4767"}],"wp:attachment":[{"href":"https:\/\/www.cudecoop.coop\/cudecoop\/wp-json\/wp\/v2\/media?parent=4737"}],"wp:term":[{"taxonomy":"category","embeddable":true,"href":"https:\/\/www.cudecoop.coop\/cudecoop\/wp-json\/wp\/v2\/categories?post=4737"},{"taxonomy":"post_tag","embeddable":true,"href":"https:\/\/www.cudecoop.coop\/cudecoop\/wp-json\/wp\/v2\/tags?post=4737"}],"curies":[{"name":"wp","href":"https:\/\/api.w.org\/{rel}","templated":true}]}}