{"id":4721,"date":"2024-11-19T14:55:10","date_gmt":"2024-11-19T14:55:10","guid":{"rendered":"https:\/\/www.cudecoop.coop\/cudecoop\/?p=4721"},"modified":"2025-03-14T12:32:45","modified_gmt":"2025-03-14T15:32:45","slug":"declaratoria-25n-2024","status":"publish","type":"post","link":"https:\/\/www.cudecoop.coop\/cudecoop\/declaratoria-25n-2024\/","title":{"rendered":"DECLARATORIA 25N 2024"},"content":{"rendered":"<p><strong>DECLARATORIA D\u00cdA INTERNACIONAL DE LA ELIMINACI\u00d3N DE LA VIOLENCIA HACIA LA MUJER<\/strong><\/p>\n<p><em>En el marco de la conmemoraci\u00f3n del D\u00eda Internacional de la Eliminaci\u00f3n de la Violencia contra la Mujer el pr\u00f3ximo 25 de noviembre, desde la Comisi\u00f3n de G\u00e9nero de CUDECOOP queremos manifestar una vez m\u00e1s nuestro compromiso con la eliminaci\u00f3n de todas las formas de violencia contra todas las mujeres y las ni\u00f1as, visualiz\u00e1ndola como una problem\u00e1tica que ata\u00f1e al movimiento cooperativo.<\/em><\/p>\n<p>Tal como define ONU Mujeres, la violencia contra mujeres y ni\u00f1as constituye una grave violaci\u00f3n de los derechos humanos, teniendo impactos tanto inmediatos como de largo alcance y trayendo consigo consecuencias f\u00edsicas, sexuales, psicol\u00f3gicas, e incluso mortales, para mujeres y ni\u00f1as. Afecta negativamente, as\u00ed, el bienestar de las mujeres e impide su plena participaci\u00f3n en la sociedad.<\/p>\n<p>Durante el presente a\u00f1o, se han presentado tres proyectos de Ley impulsados por Senadores y por el Poder Ejecutivo que pretenden modificar la Ley 19.580 \u201cLey de violencia hacia las mujeres basada en g\u00e9nero\u201d.<\/p>\n<p>Desde Cudecoop realizamos una serie de talleres para analizar los cambios propuestos con intercambios entre cooperativistas y profesionales especializados en la tem\u00e1tica as\u00ed como participamos tambi\u00e9n de espacios promovidos por otras organizaciones de la sociedad civil y la academia.<\/p>\n<p>Sin duda que la igualdad de g\u00e9nero y derechos de las mujeres conseguidos a lo largo de las \u00faltimas d\u00e9cadas est\u00e1 en peligro con estos proyectos y que se profundizar\u00e1n las dificultades que ya de por s\u00ed, atraviesan las mujeres que se enfrentan a procesos judiciales por situaciones de violencia.<\/p>\n<p>Las denuncias y los femicidios aumentan cada a\u00f1o y las mujeres cooperativistas lamentablemente son parte de las v\u00edctimas.<\/p>\n<p>Los proyectos de ley apuntan a eliminar las referencias a las disposiciones legales internacionales aplicables, no obstante, dichas normas son de aplicaci\u00f3n inmediata por ser ratificadas por Uruguay, por lo que su no menci\u00f3n en el texto no las hace inaplicables, pero <strong><em><u>s\u00ed<\/u><\/em><\/strong> se pierde referencia y fuerza en cuanto al marco y sustento jur\u00eddico.<\/p>\n<p>Tambi\u00e9n proponen modificar la palabra \u201cveros\u00edmil\u201d por \u201ccredibilidad\u201d las cuales conllevan significados y cargas diferentes. Atribuirle \u201ccredibilidad\u201d es la puerta a la exigencia de <u>prueba<\/u>, a contar con las herramientas para que su voz sea tenida en cuenta. La denuncia debe de ser cre\u00edble y frente a esto debemos preguntar: \u00bfcre\u00edble para qui\u00e9n?. Ya est\u00e1 comprobado que el relato de la v\u00edctima puede es impreciso, poco claro, ambivalente, pero esto no lo hace un relato falso, sino que por el contrario dicho relato delata el trauma generado a la v\u00edctima.<\/p>\n<p>Es de importante destacar que la v\u00edctima presenta su relato en comisar\u00eda o fiscal\u00eda, luego en Sede Judicial, y ante el Instituto T\u00e9cnico Forense. Esto hace caer en la re-victimizaci\u00f3n de la mujer al someterlas a interrogatorios, pericias, contar su historia una y otra vez, reforzando su dolor y sufrimiento.<\/p>\n<p>Por otro lado, proponen que \u201cse acredite prueba en contrario\u201d o la \u201cvaloraci\u00f3n del testimonio de la v\u00edctima\u201d. Dicha disposici\u00f3n se encuentra en contra de todo principio de protecci\u00f3n a la mujer como al esp\u00edritu de la ley, ya que actualmente las situaciones de violencia no requieren ser probadas.<\/p>\n<p>Tras varias d\u00e9cadas de movilizaciones promovidas por la sociedad civil y los movimientos de mujeres, se ha conseguido incluir la erradicaci\u00f3n de la violencia de g\u00e9nero en las agendas nacionales e internacionales. Los datos estad\u00edsticos desde las instituciones y organizaciones de la Sociedad Civil ponen de manifiesto que las denuncias por violencia y femicidios no se han detenido, por el contrario, se han incrementado enormemente. Sin embargo, aparecen estos embates que pretenden retroceder y perder derechos ya conseguidos.<\/p>\n<p>Entendemos que, ante esto, es fundamental defender las conquistas y seguir trabajando en aquellos aspectos que <u>hoy<\/u> contin\u00faan sin solucionarse, como son la falta de apoyo y contenci\u00f3n a las v\u00edctimas por parte de las instituciones y de la justicia. Abordar el tema con la responsabilidad que \u00e9ste merece, dise\u00f1ando pol\u00edticas que den respuestas efectivas a la poblaci\u00f3n, enfocadas desde la interinstitucionalidad y con presupuestos acordes para su implementaci\u00f3n, especialmente en temas de salud mental.<\/p>\n<p>En esta l\u00ednea, queremos expresar nuestra profunda tristeza e indignaci\u00f3n por el caso de Milagros Chamorro y adherir al pedido de \u201cJusticia por Mili\u201d.<\/p>\n<p>Desde el movimiento cooperativo asumimos la relevancia de esta problem\u00e1tica y nos comprometemos con la erradicaci\u00f3n de la violencia de g\u00e9nero en todas sus expresiones. Hay acciones que podemos hacer desde nuestras cooperativas, federaciones y Confederaci\u00f3n y hay otras que debemos unirnos con otras organizaciones de la sociedad civil para aunar fuerzas.<\/p>\n<p>Somos conscientes que \u00e9ste es un gran desaf\u00edo por enfrentar y no estamos dispuestas a perder lo ya logrado hasta ahora.<\/p>\n<p>El movimiento cooperativo organizado a trav\u00e9s de Cudecoop se compromete a visibilizar, accionar, presentar propuestas a las pol\u00edticas p\u00fablicas, acudir al Parlamento y lo que sea necesario en pos de los derechos de g\u00e9nero y diversidad.&nbsp;<\/p>\n<p><a href=\"https:\/\/youtu.be\/okDiHymnR68\">Lectura de la proclama<\/a> &#8211; 7\u00b0 Encuentro Nacional de G\u00e9nero y Cooperativismo&nbsp;<\/p>\n<p>&nbsp;<\/p>\n","protected":false},"excerpt":{"rendered":"<p>DECLARATORIA D\u00cdA INTERNACIONAL DE LA ELIMINACI\u00d3N DE LA VIOLENCIA HACIA LA MUJER En el marco de la conmemoraci\u00f3n del D\u00eda Internacional de la Eliminaci\u00f3n de la Violencia contra la Mujer el pr\u00f3ximo 25 de noviembre, desde la Comisi\u00f3n de G\u00e9nero de CUDECOOP queremos manifestar una vez m\u00e1s nuestro compromiso con la eliminaci\u00f3n de todas las formas de violencia contra todas las mujeres y las ni\u00f1as, visualiz\u00e1ndola como una problem\u00e1tica que ata\u00f1e al movimiento cooperativo. Tal como define ONU Mujeres, la violencia contra mujeres y ni\u00f1as constituye una grave violaci\u00f3n de los derechos humanos, teniendo impactos tanto inmediatos como de largo [&#8230;]<\/p>\n","protected":false},"author":27,"featured_media":4722,"comment_status":"open","ping_status":"open","sticky":false,"template":"","format":"standard","meta":{"_acf_changed":false,"ngg_post_thumbnail":0,"footnotes":""},"categories":[7,6,1],"tags":[],"class_list":["post-4721","post","type-post","status-publish","format-standard","has-post-thumbnail","hentry","category-cooperativas","category-institucionales","category-noticias"],"acf":[],"_links":{"self":[{"href":"https:\/\/www.cudecoop.coop\/cudecoop\/wp-json\/wp\/v2\/posts\/4721","targetHints":{"allow":["GET"]}}],"collection":[{"href":"https:\/\/www.cudecoop.coop\/cudecoop\/wp-json\/wp\/v2\/posts"}],"about":[{"href":"https:\/\/www.cudecoop.coop\/cudecoop\/wp-json\/wp\/v2\/types\/post"}],"author":[{"embeddable":true,"href":"https:\/\/www.cudecoop.coop\/cudecoop\/wp-json\/wp\/v2\/users\/27"}],"replies":[{"embeddable":true,"href":"https:\/\/www.cudecoop.coop\/cudecoop\/wp-json\/wp\/v2\/comments?post=4721"}],"version-history":[{"count":3,"href":"https:\/\/www.cudecoop.coop\/cudecoop\/wp-json\/wp\/v2\/posts\/4721\/revisions"}],"predecessor-version":[{"id":4734,"href":"https:\/\/www.cudecoop.coop\/cudecoop\/wp-json\/wp\/v2\/posts\/4721\/revisions\/4734"}],"wp:featuredmedia":[{"embeddable":true,"href":"https:\/\/www.cudecoop.coop\/cudecoop\/wp-json\/wp\/v2\/media\/4722"}],"wp:attachment":[{"href":"https:\/\/www.cudecoop.coop\/cudecoop\/wp-json\/wp\/v2\/media?parent=4721"}],"wp:term":[{"taxonomy":"category","embeddable":true,"href":"https:\/\/www.cudecoop.coop\/cudecoop\/wp-json\/wp\/v2\/categories?post=4721"},{"taxonomy":"post_tag","embeddable":true,"href":"https:\/\/www.cudecoop.coop\/cudecoop\/wp-json\/wp\/v2\/tags?post=4721"}],"curies":[{"name":"wp","href":"https:\/\/api.w.org\/{rel}","templated":true}]}}