{"id":4717,"date":"2024-11-13T18:28:11","date_gmt":"2024-11-13T18:28:11","guid":{"rendered":"https:\/\/www.cudecoop.coop\/cudecoop\/?p=4717"},"modified":"2024-11-13T18:28:11","modified_gmt":"2024-11-13T18:28:11","slug":"llamado-a-asamblea-general-extraordinaria-2","status":"publish","type":"post","link":"https:\/\/www.cudecoop.coop\/cudecoop\/llamado-a-asamblea-general-extraordinaria-2\/","title":{"rendered":"LLAMADO A ASAMBLEA GENERAL EXTRAORDINARIA"},"content":{"rendered":"<p>LLAMADO A ASAMBLEA GENERAL EXTRAORDINARIA<\/p>\n<p>El Consejo Directivo de la Confederaci\u00f3n Uruguaya de Entidades Cooperativas, cumpliendo con&nbsp; los art\u00edculos 28 y 30 de sus estatutos, convoca a sus asociados a una Asamblea General Extraordinaria a realizarse el d\u00eda 28 de noviembre de 2024 en car\u00e1cter exclusivamente presencial, en la Sede de CUDECOOP ubicada en Av. 18 de Julio 948 oficina 502, Montevideo.<\/p>\n<p>Orden del D\u00eda:<br \/>\n1. Elecci\u00f3n de Consejo Directivo 2024-2026<br \/>\n2. Elecci\u00f3n de Comisi\u00f3n Fiscal 2024-2026<br \/>\n3. Elecci\u00f3n de Comisi\u00f3n Electoral 2024-2026<\/p>\n<p>&nbsp;<\/p>\n<p>1\u00aa convocatoria: 16 horas<br \/>\n2\u00aa convocatoria: 17 horas<\/p>\n<p>&nbsp;<\/p>\n<p><a href=\"http:\/\/www.cudecoop.coop\/cudecoop\/wp-content\/uploads\/2024\/11\/LLAMADO-AGE-281124.docx\">LLAMADO AGE 28 11 24<\/a><\/p>\n","protected":false},"excerpt":{"rendered":"<p>LLAMADO A ASAMBLEA GENERAL EXTRAORDINARIA El Consejo Directivo de la Confederaci\u00f3n Uruguaya de Entidades Cooperativas, cumpliendo con&nbsp; los art\u00edculos 28 y 30 de sus estatutos, convoca a sus asociados a una Asamblea General Extraordinaria a realizarse el d\u00eda 28 de noviembre de 2024 en car\u00e1cter exclusivamente presencial, en la Sede de CUDECOOP ubicada en Av. 18 de Julio 948 oficina 502, Montevideo. Orden del D\u00eda:<br \/> 1. Elecci\u00f3n de Consejo Directivo 2024-2026<br \/> 2. Elecci\u00f3n de Comisi\u00f3n Fiscal 2024-2026<br \/> 3. Elecci\u00f3n de Comisi\u00f3n Electoral 2024-2026 &nbsp; 1\u00aa convocatoria: 16 horas<br \/> 2\u00aa convocatoria: 17 horas &nbsp; LLAMADO AGE 28 [&#8230;]<\/p>\n","protected":false},"author":27,"featured_media":0,"comment_status":"open","ping_status":"open","sticky":false,"template":"","format":"standard","meta":{"_acf_changed":false,"ngg_post_thumbnail":0,"footnotes":""},"categories":[7,6,1],"tags":[],"class_list":["post-4717","post","type-post","status-publish","format-standard","hentry","category-cooperativas","category-institucionales","category-noticias"],"acf":[],"_links":{"self":[{"href":"https:\/\/www.cudecoop.coop\/cudecoop\/wp-json\/wp\/v2\/posts\/4717","targetHints":{"allow":["GET"]}}],"collection":[{"href":"https:\/\/www.cudecoop.coop\/cudecoop\/wp-json\/wp\/v2\/posts"}],"about":[{"href":"https:\/\/www.cudecoop.coop\/cudecoop\/wp-json\/wp\/v2\/types\/post"}],"author":[{"embeddable":true,"href":"https:\/\/www.cudecoop.coop\/cudecoop\/wp-json\/wp\/v2\/users\/27"}],"replies":[{"embeddable":true,"href":"https:\/\/www.cudecoop.coop\/cudecoop\/wp-json\/wp\/v2\/comments?post=4717"}],"version-history":[{"count":1,"href":"https:\/\/www.cudecoop.coop\/cudecoop\/wp-json\/wp\/v2\/posts\/4717\/revisions"}],"predecessor-version":[{"id":4719,"href":"https:\/\/www.cudecoop.coop\/cudecoop\/wp-json\/wp\/v2\/posts\/4717\/revisions\/4719"}],"wp:attachment":[{"href":"https:\/\/www.cudecoop.coop\/cudecoop\/wp-json\/wp\/v2\/media?parent=4717"}],"wp:term":[{"taxonomy":"category","embeddable":true,"href":"https:\/\/www.cudecoop.coop\/cudecoop\/wp-json\/wp\/v2\/categories?post=4717"},{"taxonomy":"post_tag","embeddable":true,"href":"https:\/\/www.cudecoop.coop\/cudecoop\/wp-json\/wp\/v2\/tags?post=4717"}],"curies":[{"name":"wp","href":"https:\/\/api.w.org\/{rel}","templated":true}]}}