{"id":4713,"date":"2024-11-12T16:12:45","date_gmt":"2024-11-12T16:12:45","guid":{"rendered":"https:\/\/www.cudecoop.coop\/cudecoop\/?p=4713"},"modified":"2024-11-12T18:24:38","modified_gmt":"2024-11-12T18:24:38","slug":"conversatorio-circuitos-urbanos-cooperativos","status":"publish","type":"post","link":"https:\/\/www.cudecoop.coop\/cudecoop\/conversatorio-circuitos-urbanos-cooperativos\/","title":{"rendered":"Conversatorio &#8220;Circuitos urbanos cooperativos&#8221;"},"content":{"rendered":"<p>Les invitamos a ser parte del Conversatorio &#8220;Circuitos urbanos cooperativos&#8221;, organizado por la Facultad de Arquitectura, Dise\u00f1o y Urbanismo (FADU), el Laboratorio de Urbanismo Participativo y Afectivo (LUPA) y la Confederaci\u00f3n Uruguaya de Entidades Cooperativas (Cudecoop) en convenio con el Municipio B.<\/p>\n<p>En el espacio &#8220;Desaf\u00edos &#8211; Intercambio&#8221; participar\u00e1n Marisol Fuentes (Cudecoop- FCPU), Fredy Rondan (Cudecoop \u2013 Confiar), Gerardo Montes representante del Sicoop (Sistema de intercooperaci\u00f3n), Daniel Arbulo (Defensor\u00eda del Vecino), entre otras personas referentes del movimiento cooperativo.<\/p>\n<p>Mi\u00e9rcoles 13 de noviembre<br \/>\n18:30 hs.<br \/>\nSede Fecovi (Canelones 990)<\/p>\n","protected":false},"excerpt":{"rendered":"<p>Les invitamos a ser parte del Conversatorio &#8220;Circuitos urbanos cooperativos&#8221;, organizado por la Facultad de Arquitectura, Dise\u00f1o y Urbanismo (FADU), el Laboratorio de Urbanismo Participativo y Afectivo (LUPA) y la Confederaci\u00f3n Uruguaya de Entidades Cooperativas (Cudecoop) en convenio con el Municipio B. En el espacio &#8220;Desaf\u00edos &#8211; Intercambio&#8221; participar\u00e1n Marisol Fuentes (Cudecoop- FCPU), Fredy Rondan (Cudecoop \u2013 Confiar), Gerardo Montes representante del Sicoop (Sistema de intercooperaci\u00f3n), Daniel Arbulo (Defensor\u00eda del Vecino), entre otras personas referentes del movimiento cooperativo. Mi\u00e9rcoles 13 de noviembre<br \/> 18:30 hs.<br \/> Sede Fecovi (Canelones [&#8230;]<\/p>\n","protected":false},"author":27,"featured_media":4714,"comment_status":"open","ping_status":"open","sticky":false,"template":"","format":"standard","meta":{"_acf_changed":false,"ngg_post_thumbnail":0,"footnotes":""},"categories":[7,6,1],"tags":[],"class_list":["post-4713","post","type-post","status-publish","format-standard","has-post-thumbnail","hentry","category-cooperativas","category-institucionales","category-noticias"],"acf":[],"_links":{"self":[{"href":"https:\/\/www.cudecoop.coop\/cudecoop\/wp-json\/wp\/v2\/posts\/4713","targetHints":{"allow":["GET"]}}],"collection":[{"href":"https:\/\/www.cudecoop.coop\/cudecoop\/wp-json\/wp\/v2\/posts"}],"about":[{"href":"https:\/\/www.cudecoop.coop\/cudecoop\/wp-json\/wp\/v2\/types\/post"}],"author":[{"embeddable":true,"href":"https:\/\/www.cudecoop.coop\/cudecoop\/wp-json\/wp\/v2\/users\/27"}],"replies":[{"embeddable":true,"href":"https:\/\/www.cudecoop.coop\/cudecoop\/wp-json\/wp\/v2\/comments?post=4713"}],"version-history":[{"count":2,"href":"https:\/\/www.cudecoop.coop\/cudecoop\/wp-json\/wp\/v2\/posts\/4713\/revisions"}],"predecessor-version":[{"id":4716,"href":"https:\/\/www.cudecoop.coop\/cudecoop\/wp-json\/wp\/v2\/posts\/4713\/revisions\/4716"}],"wp:featuredmedia":[{"embeddable":true,"href":"https:\/\/www.cudecoop.coop\/cudecoop\/wp-json\/wp\/v2\/media\/4714"}],"wp:attachment":[{"href":"https:\/\/www.cudecoop.coop\/cudecoop\/wp-json\/wp\/v2\/media?parent=4713"}],"wp:term":[{"taxonomy":"category","embeddable":true,"href":"https:\/\/www.cudecoop.coop\/cudecoop\/wp-json\/wp\/v2\/categories?post=4713"},{"taxonomy":"post_tag","embeddable":true,"href":"https:\/\/www.cudecoop.coop\/cudecoop\/wp-json\/wp\/v2\/tags?post=4713"}],"curies":[{"name":"wp","href":"https:\/\/api.w.org\/{rel}","templated":true}]}}