{"id":4691,"date":"2024-10-30T16:05:42","date_gmt":"2024-10-30T16:05:42","guid":{"rendered":"https:\/\/www.cudecoop.coop\/cudecoop\/?p=4691"},"modified":"2024-11-27T19:20:11","modified_gmt":"2024-11-27T19:20:11","slug":"asamblea-extraordinaria-integrantes-de-la-comision-electoral","status":"publish","type":"post","link":"https:\/\/www.cudecoop.coop\/cudecoop\/asamblea-extraordinaria-integrantes-de-la-comision-electoral\/","title":{"rendered":"Asamblea Extraordinaria &#8211; Integrantes de la Comisi\u00f3n Electoral"},"content":{"rendered":"<p>El martes 29 de octubre se llev\u00f3 a cabo la Asamblea Extraordinaria de Cudecoop.<\/p>\n<p>Esta Asamblea fue convocada a los efectos de elegir los integrantes de la Comisi\u00f3n Electoral que tendr\u00e1 la tarea de preparar las elecciones de las autoridades de la instituci\u00f3n el pr\u00f3ximo 28 de noviembre.<\/p>\n<p>Las personas elegidas fueron: Gerardo Fern\u00e1ndez (FECOVI), Alberto Esteves (Cofac) y Gustavo Maeso (FUCC).<\/p>\n","protected":false},"excerpt":{"rendered":"<p>El martes 29 de octubre se llev\u00f3 a cabo la Asamblea Extraordinaria de Cudecoop. Esta Asamblea fue convocada a los efectos de elegir los integrantes de la Comisi\u00f3n Electoral que tendr\u00e1 la tarea de preparar las elecciones de las autoridades de la instituci\u00f3n el pr\u00f3ximo 28 de noviembre. Las personas elegidas fueron: Gerardo Fern\u00e1ndez (FECOVI), Alberto Esteves (Cofac) y Gustavo Maeso [&#8230;]<\/p>\n","protected":false},"author":27,"featured_media":4692,"comment_status":"open","ping_status":"open","sticky":false,"template":"","format":"standard","meta":{"_acf_changed":false,"ngg_post_thumbnail":0,"footnotes":""},"categories":[7,6,1],"tags":[],"class_list":["post-4691","post","type-post","status-publish","format-standard","has-post-thumbnail","hentry","category-cooperativas","category-institucionales","category-noticias"],"acf":[],"_links":{"self":[{"href":"https:\/\/www.cudecoop.coop\/cudecoop\/wp-json\/wp\/v2\/posts\/4691","targetHints":{"allow":["GET"]}}],"collection":[{"href":"https:\/\/www.cudecoop.coop\/cudecoop\/wp-json\/wp\/v2\/posts"}],"about":[{"href":"https:\/\/www.cudecoop.coop\/cudecoop\/wp-json\/wp\/v2\/types\/post"}],"author":[{"embeddable":true,"href":"https:\/\/www.cudecoop.coop\/cudecoop\/wp-json\/wp\/v2\/users\/27"}],"replies":[{"embeddable":true,"href":"https:\/\/www.cudecoop.coop\/cudecoop\/wp-json\/wp\/v2\/comments?post=4691"}],"version-history":[{"count":1,"href":"https:\/\/www.cudecoop.coop\/cudecoop\/wp-json\/wp\/v2\/posts\/4691\/revisions"}],"predecessor-version":[{"id":4693,"href":"https:\/\/www.cudecoop.coop\/cudecoop\/wp-json\/wp\/v2\/posts\/4691\/revisions\/4693"}],"wp:featuredmedia":[{"embeddable":true,"href":"https:\/\/www.cudecoop.coop\/cudecoop\/wp-json\/wp\/v2\/media\/4692"}],"wp:attachment":[{"href":"https:\/\/www.cudecoop.coop\/cudecoop\/wp-json\/wp\/v2\/media?parent=4691"}],"wp:term":[{"taxonomy":"category","embeddable":true,"href":"https:\/\/www.cudecoop.coop\/cudecoop\/wp-json\/wp\/v2\/categories?post=4691"},{"taxonomy":"post_tag","embeddable":true,"href":"https:\/\/www.cudecoop.coop\/cudecoop\/wp-json\/wp\/v2\/tags?post=4691"}],"curies":[{"name":"wp","href":"https:\/\/api.w.org\/{rel}","templated":true}]}}