{"id":4690,"date":"2024-11-04T16:05:01","date_gmt":"2024-11-04T16:05:01","guid":{"rendered":"https:\/\/www.cudecoop.coop\/cudecoop\/?p=4690"},"modified":"2024-11-04T17:51:05","modified_gmt":"2024-11-04T17:51:05","slug":"intercooperacion-desde-el-programa-de-desarrollo-territorial-caso-coopespal","status":"publish","type":"post","link":"https:\/\/www.cudecoop.coop\/cudecoop\/intercooperacion-desde-el-programa-de-desarrollo-territorial-caso-coopespal\/","title":{"rendered":"Intercooperaci\u00f3n desde el Programa de Desarrollo Territorial : caso Coopespal"},"content":{"rendered":"<div>En el marco del Programa de Desarrollo Territorial de Cudecoop, diferentes Mesas Intercooperativas articulan desde mediados del a\u00f1o 2024 , el&nbsp; acompa\u00f1amiento sostenido a la cooperativa de trabajo Coopespal de Colonia, la cual est\u00e1 integrada por un grupo de pescadores artesanales que buscan potenciar su emprendimiento asociativo y alcanzar nuevos espacios.&nbsp;<\/div>\n<div>&nbsp;<\/div>\n<div class=\"gmail_default\">Para iniciar este proceso se brind\u00f3 un curso sobre compras p\u00fablicas a cargo de Cudecoop que fue financiado por la Agencia Nacional de Desarrollo (ANDE), donde se identificaron las posibilidades y dificultades respecto a la compra-venta a entes estatales, a la vez que se identificaron otras posibilidades de comercializaci\u00f3n.<\/div>\n<div class=\"gmail_default\">Tambi\u00e9n se trabaj\u00f3 sobre las habilitaciones necesarias para la venta de alimentos al Estado, en especial el Registro Nacional de Organizaciones Habilitadas (RENAOH) para el r\u00e9gimen de Compras estatales a productores familiares&nbsp; y pescadores artesanales que establece la Ley 19.292.<\/div>\n<div class=\"gmail_default\">&nbsp;<\/div>\n<div class=\"gmail_default\">Finalizada esa capacitaci\u00f3n, se realiz\u00f3 un mapeo de las instituciones que pudieran ser potenciales clientes de la Cooperativa en Nueva Palmira, Colonia.&nbsp;<\/div>\n<div>&nbsp;<\/div>\n<div>Por otro lado, el pasado 18 de octubre, con el acompa\u00f1amiento de la Mesa Intercooperativa de Colonia, representantes de la cooperativa participaron de la 3ra Feria de Agroecolog\u00eda en el Centro Barrial &#8220;El General&#8221;, como parte de su proceso de expansi\u00f3n en&nbsp; venta y desarrollo de productos derivados del pescado de r\u00edo as\u00ed como la orientaci\u00f3n hacia nuevos mercados.<\/div>\n<div>\n<div>&nbsp;<\/div>\n<div class=\"gmail_default\">Actualmente se est\u00e1 realizando un articulado con referentes locales del Ministerio de Desarrollo Social (Mides) en busca de viabilizar posibilidades de venta con el Estado a la vez que se est\u00e1 brindando acompa\u00f1amiento en espacios de difusi\u00f3n de sus productos y generando apoyo de comunicaci\u00f3n para la cooperativa.<\/div>\n<\/div>\n<div>&nbsp;<\/div>\n<div>Conoc\u00e9 m\u00e1s sobre Coopespal <a href=\"https:\/\/drive.google.com\/file\/d\/1XAhQf85eeIH2CeJ0u7cN-eDgpEzhO36a\/view?usp=sharing\">ac\u00e1<\/a><\/div>\n","protected":false},"excerpt":{"rendered":"<p>En el marco del Programa de Desarrollo Territorial de Cudecoop, diferentes Mesas Intercooperativas articulan desde mediados del a\u00f1o 2024 , el&nbsp; acompa\u00f1amiento sostenido a la cooperativa de trabajo Coopespal de Colonia, la cual est\u00e1 integrada por un grupo de pescadores artesanales que buscan potenciar su emprendimiento asociativo y alcanzar nuevos espacios.&nbsp; &nbsp; Para iniciar este proceso se brind\u00f3 un curso sobre compras p\u00fablicas a cargo de Cudecoop que fue financiado por la Agencia Nacional de Desarrollo (ANDE), donde se identificaron las posibilidades y dificultades respecto a la compra-venta a entes estatales, a la vez que se identificaron otras posibilidades de [&#8230;]<\/p>\n","protected":false},"author":27,"featured_media":4697,"comment_status":"open","ping_status":"open","sticky":false,"template":"","format":"standard","meta":{"_acf_changed":false,"ngg_post_thumbnail":0,"footnotes":""},"categories":[7,6,1],"tags":[],"class_list":["post-4690","post","type-post","status-publish","format-standard","has-post-thumbnail","hentry","category-cooperativas","category-institucionales","category-noticias"],"acf":[],"_links":{"self":[{"href":"https:\/\/www.cudecoop.coop\/cudecoop\/wp-json\/wp\/v2\/posts\/4690","targetHints":{"allow":["GET"]}}],"collection":[{"href":"https:\/\/www.cudecoop.coop\/cudecoop\/wp-json\/wp\/v2\/posts"}],"about":[{"href":"https:\/\/www.cudecoop.coop\/cudecoop\/wp-json\/wp\/v2\/types\/post"}],"author":[{"embeddable":true,"href":"https:\/\/www.cudecoop.coop\/cudecoop\/wp-json\/wp\/v2\/users\/27"}],"replies":[{"embeddable":true,"href":"https:\/\/www.cudecoop.coop\/cudecoop\/wp-json\/wp\/v2\/comments?post=4690"}],"version-history":[{"count":4,"href":"https:\/\/www.cudecoop.coop\/cudecoop\/wp-json\/wp\/v2\/posts\/4690\/revisions"}],"predecessor-version":[{"id":4701,"href":"https:\/\/www.cudecoop.coop\/cudecoop\/wp-json\/wp\/v2\/posts\/4690\/revisions\/4701"}],"wp:featuredmedia":[{"embeddable":true,"href":"https:\/\/www.cudecoop.coop\/cudecoop\/wp-json\/wp\/v2\/media\/4697"}],"wp:attachment":[{"href":"https:\/\/www.cudecoop.coop\/cudecoop\/wp-json\/wp\/v2\/media?parent=4690"}],"wp:term":[{"taxonomy":"category","embeddable":true,"href":"https:\/\/www.cudecoop.coop\/cudecoop\/wp-json\/wp\/v2\/categories?post=4690"},{"taxonomy":"post_tag","embeddable":true,"href":"https:\/\/www.cudecoop.coop\/cudecoop\/wp-json\/wp\/v2\/tags?post=4690"}],"curies":[{"name":"wp","href":"https:\/\/api.w.org\/{rel}","templated":true}]}}