{"id":4680,"date":"2024-10-23T17:47:18","date_gmt":"2024-10-23T17:47:18","guid":{"rendered":"https:\/\/www.cudecoop.coop\/cudecoop\/?p=4680"},"modified":"2024-10-23T17:52:59","modified_gmt":"2024-10-23T17:52:59","slug":"nuevo-plazo-de-postulacion-programacion-con-react-js","status":"publish","type":"post","link":"https:\/\/www.cudecoop.coop\/cudecoop\/nuevo-plazo-de-postulacion-programacion-con-react-js\/","title":{"rendered":"NUEVO PLAZO DE POSTULACI\u00d3N: PROGRAMACI\u00d3N CON REACT JS"},"content":{"rendered":"<p>En octubre comienza una capacitaci\u00f3n para el desarrollo de interfaces interactivas con React, uno de los frameworks m\u00e1s populares para la construcci\u00f3n de aplicaciones web modernas.<\/p>\n<p>Este espacio est\u00e1 dirigido a personas j\u00f3venes que cuenten con alguna formaci\u00f3n previa en programaci\u00f3n y con inter\u00e9s de emprender de forma colectiva.&nbsp; El desarrollo de esta capacitaci\u00f3n se realiza con el apoyo de&nbsp;<br \/>\nIncubacoop, con la intensi\u00f3n de que quienes quieran seguir emprendiendo de forma colectiva, puedan ser incubados a futuro.&nbsp;<\/p>\n<p>En este espacio nos enfocaremos en la aplicaci\u00f3n pr\u00e1ctica de los conceptos aprendidos, trabajando en proyectos que permitir\u00e1n poner en acci\u00f3n todo lo visto en clase en un entorno colaborativo.&nbsp;<\/p>\n<p>Inscripciones abiertas hasta el 31 de octubre 2024, <a href=\"https:\/\/docs.google.com\/forms\/d\/1jXCZ8Upg_Hc9kpUrecd4V1fzd1JQP7E9kQfJQwsNSYg\/viewform?pli=1&amp;pli=1&amp;edit_requested=true\">aqu\u00ed.<\/a><\/p>\n<p>En el material adjunto encontrar\u00e1n informaci\u00f3n m\u00e1s detallada sobre el curso.&nbsp;<\/p>\n<p><a href=\"http:\/\/www.cudecoop.coop\/cudecoop\/wp-content\/uploads\/2024\/10\/El-Club_-Programacion-con-React-JS.pdf\">El Club_ Programaci\u00f3n con React JS<\/a><\/p>\n","protected":false},"excerpt":{"rendered":"<p>En octubre comienza una capacitaci\u00f3n para el desarrollo de interfaces interactivas con React, uno de los frameworks m\u00e1s populares para la construcci\u00f3n de aplicaciones web modernas. Este espacio est\u00e1 dirigido a personas j\u00f3venes que cuenten con alguna formaci\u00f3n previa en programaci\u00f3n y con inter\u00e9s de emprender de forma colectiva.&nbsp; El desarrollo de esta capacitaci\u00f3n se realiza con el apoyo de&nbsp;<br \/> Incubacoop, con la intensi\u00f3n de que quienes quieran seguir emprendiendo de forma colectiva, puedan ser incubados a futuro.&nbsp; En este espacio nos enfocaremos en la aplicaci\u00f3n pr\u00e1ctica de los conceptos aprendidos, trabajando en proyectos que permitir\u00e1n poner en acci\u00f3n [&#8230;]<\/p>\n","protected":false},"author":27,"featured_media":4681,"comment_status":"open","ping_status":"open","sticky":false,"template":"","format":"standard","meta":{"_acf_changed":false,"ngg_post_thumbnail":0,"footnotes":""},"categories":[7,6,1],"tags":[],"class_list":["post-4680","post","type-post","status-publish","format-standard","has-post-thumbnail","hentry","category-cooperativas","category-institucionales","category-noticias"],"acf":[],"_links":{"self":[{"href":"https:\/\/www.cudecoop.coop\/cudecoop\/wp-json\/wp\/v2\/posts\/4680","targetHints":{"allow":["GET"]}}],"collection":[{"href":"https:\/\/www.cudecoop.coop\/cudecoop\/wp-json\/wp\/v2\/posts"}],"about":[{"href":"https:\/\/www.cudecoop.coop\/cudecoop\/wp-json\/wp\/v2\/types\/post"}],"author":[{"embeddable":true,"href":"https:\/\/www.cudecoop.coop\/cudecoop\/wp-json\/wp\/v2\/users\/27"}],"replies":[{"embeddable":true,"href":"https:\/\/www.cudecoop.coop\/cudecoop\/wp-json\/wp\/v2\/comments?post=4680"}],"version-history":[{"count":4,"href":"https:\/\/www.cudecoop.coop\/cudecoop\/wp-json\/wp\/v2\/posts\/4680\/revisions"}],"predecessor-version":[{"id":4686,"href":"https:\/\/www.cudecoop.coop\/cudecoop\/wp-json\/wp\/v2\/posts\/4680\/revisions\/4686"}],"wp:featuredmedia":[{"embeddable":true,"href":"https:\/\/www.cudecoop.coop\/cudecoop\/wp-json\/wp\/v2\/media\/4681"}],"wp:attachment":[{"href":"https:\/\/www.cudecoop.coop\/cudecoop\/wp-json\/wp\/v2\/media?parent=4680"}],"wp:term":[{"taxonomy":"category","embeddable":true,"href":"https:\/\/www.cudecoop.coop\/cudecoop\/wp-json\/wp\/v2\/categories?post=4680"},{"taxonomy":"post_tag","embeddable":true,"href":"https:\/\/www.cudecoop.coop\/cudecoop\/wp-json\/wp\/v2\/tags?post=4680"}],"curies":[{"name":"wp","href":"https:\/\/api.w.org\/{rel}","templated":true}]}}