{"id":4668,"date":"2024-10-16T18:52:14","date_gmt":"2024-10-16T18:52:14","guid":{"rendered":"https:\/\/www.cudecoop.coop\/cudecoop\/?p=4668"},"modified":"2024-11-27T19:20:31","modified_gmt":"2024-11-27T19:20:31","slug":"7-encuentro-nacional-de-genero-y-cooperativismo","status":"publish","type":"post","link":"https:\/\/www.cudecoop.coop\/cudecoop\/7-encuentro-nacional-de-genero-y-cooperativismo\/","title":{"rendered":"7\u00b0 ENCUENTRO NACIONAL DE G\u00c9NERO Y COOPERATIVISMO"},"content":{"rendered":"<p><strong>Invitamos a cooperativistas de todo el territorio nacional a participar del Encuentro Nacional de G\u00e9nero y Cooperativismo a realizarse el 16 de noviembre en Colonia del Sacramento, en el marco de Colonia \u2013 Capital Nacional del Cooperativismo 2024.<\/strong><\/p>\n<p>Nos encontramos para trabajar en actividades y talleres, para habilitar la reflexi\u00f3n y el intercambio colectivo. Les invitamos con el objetivo de ahondar en ejes tem\u00e1ticos que ser\u00e1n el centro de construcci\u00f3n colectiva.<\/p>\n<p>Les detallamos los objetivos del Encuentro:<\/p>\n<ul>\n<li>Intercambiar en torno al D\u00eda Internacional Contra la No Violencia hacia las mujeres (25N) y diferentes expresiones en el cooperativismo.<\/li>\n<li>Problematizar sobre violencia intrafamiliar y tareas de cuidados.<\/li>\n<li>Reflexionar sobre el acceso a la salud con perspectiva de g\u00e9nero.&nbsp;<\/li>\n<li>Generar espacios de intercambio y an\u00e1lisis sobre la aplicaci\u00f3n de los principios con perspectiva de g\u00e9nero y liderazgo, y su expresi\u00f3n en la gesti\u00f3n econ\u00f3mica y financiera de las cooperativas.<\/li>\n<\/ul>\n<p><a href=\"https:\/\/forms.gle\/cxcbtQYZ5YKuVsv49\">Formulario de inscripci\u00f3n<\/a><\/p>\n<p><a href=\"https:\/\/docs.google.com\/document\/d\/1HlxqaMCudQK1yPUCJGDiqV4FD3MG4m4mqQ-LPiY63u0\/edit?usp=sharing\">Programa<\/a><\/p>\n","protected":false},"excerpt":{"rendered":"<p>Invitamos a cooperativistas de todo el territorio nacional a participar del Encuentro Nacional de G\u00e9nero y Cooperativismo a realizarse el 16 de noviembre en Colonia del Sacramento, en el marco de Colonia \u2013 Capital Nacional del Cooperativismo 2024. Nos encontramos para trabajar en actividades y talleres, para habilitar la reflexi\u00f3n y el intercambio colectivo. Les invitamos con el objetivo de ahondar en ejes tem\u00e1ticos que ser\u00e1n el centro de construcci\u00f3n colectiva. Les detallamos los objetivos del Encuentro: Intercambiar en torno al D\u00eda Internacional Contra la No Violencia hacia las mujeres (25N) y diferentes expresiones en el cooperativismo. Problematizar sobre violencia [&#8230;]<\/p>\n","protected":false},"author":27,"featured_media":4676,"comment_status":"open","ping_status":"open","sticky":false,"template":"","format":"standard","meta":{"_acf_changed":false,"ngg_post_thumbnail":0,"footnotes":""},"categories":[7,6,1],"tags":[],"class_list":["post-4668","post","type-post","status-publish","format-standard","has-post-thumbnail","hentry","category-cooperativas","category-institucionales","category-noticias"],"acf":[],"_links":{"self":[{"href":"https:\/\/www.cudecoop.coop\/cudecoop\/wp-json\/wp\/v2\/posts\/4668","targetHints":{"allow":["GET"]}}],"collection":[{"href":"https:\/\/www.cudecoop.coop\/cudecoop\/wp-json\/wp\/v2\/posts"}],"about":[{"href":"https:\/\/www.cudecoop.coop\/cudecoop\/wp-json\/wp\/v2\/types\/post"}],"author":[{"embeddable":true,"href":"https:\/\/www.cudecoop.coop\/cudecoop\/wp-json\/wp\/v2\/users\/27"}],"replies":[{"embeddable":true,"href":"https:\/\/www.cudecoop.coop\/cudecoop\/wp-json\/wp\/v2\/comments?post=4668"}],"version-history":[{"count":10,"href":"https:\/\/www.cudecoop.coop\/cudecoop\/wp-json\/wp\/v2\/posts\/4668\/revisions"}],"predecessor-version":[{"id":4720,"href":"https:\/\/www.cudecoop.coop\/cudecoop\/wp-json\/wp\/v2\/posts\/4668\/revisions\/4720"}],"wp:featuredmedia":[{"embeddable":true,"href":"https:\/\/www.cudecoop.coop\/cudecoop\/wp-json\/wp\/v2\/media\/4676"}],"wp:attachment":[{"href":"https:\/\/www.cudecoop.coop\/cudecoop\/wp-json\/wp\/v2\/media?parent=4668"}],"wp:term":[{"taxonomy":"category","embeddable":true,"href":"https:\/\/www.cudecoop.coop\/cudecoop\/wp-json\/wp\/v2\/categories?post=4668"},{"taxonomy":"post_tag","embeddable":true,"href":"https:\/\/www.cudecoop.coop\/cudecoop\/wp-json\/wp\/v2\/tags?post=4668"}],"curies":[{"name":"wp","href":"https:\/\/api.w.org\/{rel}","templated":true}]}}