{"id":4665,"date":"2024-10-14T20:37:04","date_gmt":"2024-10-14T20:37:04","guid":{"rendered":"https:\/\/www.cudecoop.coop\/cudecoop\/?p=4665"},"modified":"2025-03-14T12:33:04","modified_gmt":"2025-03-14T15:33:04","slug":"atencion-cooperativas-de-todo-el-pais","status":"publish","type":"post","link":"https:\/\/www.cudecoop.coop\/cudecoop\/atencion-cooperativas-de-todo-el-pais\/","title":{"rendered":"\u00a1Atenci\u00f3n cooperativas de todo el pa\u00eds!"},"content":{"rendered":"<p>A trav\u00e9s del Programa de Formaci\u00f3n Cooperativa (PROCOOP), cooperativas y organizaciones de la econom\u00eda social cuentan con hasta $180.000 anuales para utilizar en capacitaciones y asistencia t\u00e9cnica adaptadas a sus necesidades.&nbsp;<\/p>\n<p>Esta es una iniciativa de Inacoop e Inefop, que cuenta con el apoyo de Cudecoop.&nbsp;<\/p>\n<p>Los fondos del Procoop ofrecen asistencia t\u00e9cnica para implementar mejoras de gesti\u00f3n y fortalecer diferentes aspectos organizacionales. El Programa brinda, adem\u00e1s, capacitaciones de actualizaci\u00f3n de conocimientos y profesionalizaci\u00f3n en temas de inter\u00e9s de las cooperativas.&nbsp;<\/p>\n<p>Las inscripciones se realizan a trav\u00e9s de la web, con la posibilidad de contar con asistencia personalizada para realizarla. Las organizaciones postuladas podr\u00e1n acceder a subsidios totales o parciales seg\u00fan sus caracter\u00edsticas.&nbsp;<\/p>\n<p>M\u00e1s informaci\u00f3n y contacto:&nbsp;<\/p>\n<p>procoop@inacoop.org.uy | proregio@cudecoop.coop<\/p>\n<p>0800 1900 \u2013 2916 5142 int. 123 | 2902<!--more--> 5339<\/p>\n<p>&nbsp;<\/p>\n","protected":false},"excerpt":{"rendered":"<p>A trav\u00e9s del Programa de Formaci\u00f3n Cooperativa (PROCOOP), cooperativas y organizaciones de la econom\u00eda social cuentan con hasta $180.000 anuales para utilizar en capacitaciones y asistencia t\u00e9cnica adaptadas a sus necesidades.&nbsp; Esta es una iniciativa de Inacoop e Inefop, que cuenta con el apoyo de Cudecoop.&nbsp; Los fondos del Procoop ofrecen asistencia t\u00e9cnica para implementar mejoras de gesti\u00f3n y fortalecer diferentes aspectos organizacionales. El Programa brinda, adem\u00e1s, capacitaciones de actualizaci\u00f3n de conocimientos y profesionalizaci\u00f3n en temas de inter\u00e9s de las cooperativas.&nbsp; Las inscripciones se realizan a trav\u00e9s de la web, con la posibilidad de contar con asistencia personalizada para realizarla. [&#8230;]<\/p>\n","protected":false},"author":27,"featured_media":4666,"comment_status":"open","ping_status":"open","sticky":false,"template":"","format":"standard","meta":{"_acf_changed":false,"ngg_post_thumbnail":0,"footnotes":""},"categories":[7,6,1],"tags":[],"class_list":["post-4665","post","type-post","status-publish","format-standard","has-post-thumbnail","hentry","category-cooperativas","category-institucionales","category-noticias"],"acf":[],"_links":{"self":[{"href":"https:\/\/www.cudecoop.coop\/cudecoop\/wp-json\/wp\/v2\/posts\/4665","targetHints":{"allow":["GET"]}}],"collection":[{"href":"https:\/\/www.cudecoop.coop\/cudecoop\/wp-json\/wp\/v2\/posts"}],"about":[{"href":"https:\/\/www.cudecoop.coop\/cudecoop\/wp-json\/wp\/v2\/types\/post"}],"author":[{"embeddable":true,"href":"https:\/\/www.cudecoop.coop\/cudecoop\/wp-json\/wp\/v2\/users\/27"}],"replies":[{"embeddable":true,"href":"https:\/\/www.cudecoop.coop\/cudecoop\/wp-json\/wp\/v2\/comments?post=4665"}],"version-history":[{"count":2,"href":"https:\/\/www.cudecoop.coop\/cudecoop\/wp-json\/wp\/v2\/posts\/4665\/revisions"}],"predecessor-version":[{"id":4675,"href":"https:\/\/www.cudecoop.coop\/cudecoop\/wp-json\/wp\/v2\/posts\/4665\/revisions\/4675"}],"wp:featuredmedia":[{"embeddable":true,"href":"https:\/\/www.cudecoop.coop\/cudecoop\/wp-json\/wp\/v2\/media\/4666"}],"wp:attachment":[{"href":"https:\/\/www.cudecoop.coop\/cudecoop\/wp-json\/wp\/v2\/media?parent=4665"}],"wp:term":[{"taxonomy":"category","embeddable":true,"href":"https:\/\/www.cudecoop.coop\/cudecoop\/wp-json\/wp\/v2\/categories?post=4665"},{"taxonomy":"post_tag","embeddable":true,"href":"https:\/\/www.cudecoop.coop\/cudecoop\/wp-json\/wp\/v2\/tags?post=4665"}],"curies":[{"name":"wp","href":"https:\/\/api.w.org\/{rel}","templated":true}]}}