{"id":4661,"date":"2024-10-11T21:22:13","date_gmt":"2024-10-11T21:22:13","guid":{"rendered":"https:\/\/www.cudecoop.coop\/cudecoop\/?p=4661"},"modified":"2024-10-11T21:23:08","modified_gmt":"2024-10-11T21:23:08","slug":"mario-arizti-y-martin-fernandez-integrantes-del-partido-nacional-visitaron-cudecoop","status":"publish","type":"post","link":"https:\/\/www.cudecoop.coop\/cudecoop\/mario-arizti-y-martin-fernandez-integrantes-del-partido-nacional-visitaron-cudecoop\/","title":{"rendered":"Mario Arizti y Mart\u00edn Fern\u00e1ndez, integrantes del Partido Nacional, visitaron Cudecoop"},"content":{"rendered":"<p>El viernes 11 de octubre Mario Arizti y Mart\u00edn Fern\u00e1ndez, integrantes del equipo del Partido Nacional, se reunieron con el Consejo Directivo ampliado de Cudecoop.<\/p>\n<p>La reuni\u00f3n se dio en el marco de la presentaci\u00f3n de las Propuestas Program\u00e1ticas del Cooperativismo a los candidatos a la presidencia nacional. Dichas propuestas fueron presentadas por el Comit\u00e9 Ejecutivo de Cudecoop de forma resumida en 9 ideas.<a href=\"https:\/\/www.cudecoop.coop\/cudecoop\/9-ideas\/\"> (ver aqu\u00ed las 9 ideas)<\/a><\/p>\n<p>Pr\u00f3ximamente m\u00e1s informaci\u00f3n disponible.<\/p>\n","protected":false},"excerpt":{"rendered":"<p>El viernes 11 de octubre Mario Arizti y Mart\u00edn Fern\u00e1ndez, integrantes del equipo del Partido Nacional, se reunieron con el Consejo Directivo ampliado de Cudecoop. La reuni\u00f3n se dio en el marco de la presentaci\u00f3n de las Propuestas Program\u00e1ticas del Cooperativismo a los candidatos a la presidencia nacional. Dichas propuestas fueron presentadas por el Comit\u00e9 Ejecutivo de Cudecoop de forma resumida en 9 ideas. (ver aqu\u00ed las 9 ideas) Pr\u00f3ximamente m\u00e1s informaci\u00f3n [&#8230;]<\/p>\n","protected":false},"author":27,"featured_media":4662,"comment_status":"open","ping_status":"open","sticky":false,"template":"","format":"standard","meta":{"_acf_changed":false,"ngg_post_thumbnail":0,"footnotes":""},"categories":[7,6,1],"tags":[],"class_list":["post-4661","post","type-post","status-publish","format-standard","has-post-thumbnail","hentry","category-cooperativas","category-institucionales","category-noticias"],"acf":[],"_links":{"self":[{"href":"https:\/\/www.cudecoop.coop\/cudecoop\/wp-json\/wp\/v2\/posts\/4661","targetHints":{"allow":["GET"]}}],"collection":[{"href":"https:\/\/www.cudecoop.coop\/cudecoop\/wp-json\/wp\/v2\/posts"}],"about":[{"href":"https:\/\/www.cudecoop.coop\/cudecoop\/wp-json\/wp\/v2\/types\/post"}],"author":[{"embeddable":true,"href":"https:\/\/www.cudecoop.coop\/cudecoop\/wp-json\/wp\/v2\/users\/27"}],"replies":[{"embeddable":true,"href":"https:\/\/www.cudecoop.coop\/cudecoop\/wp-json\/wp\/v2\/comments?post=4661"}],"version-history":[{"count":2,"href":"https:\/\/www.cudecoop.coop\/cudecoop\/wp-json\/wp\/v2\/posts\/4661\/revisions"}],"predecessor-version":[{"id":4664,"href":"https:\/\/www.cudecoop.coop\/cudecoop\/wp-json\/wp\/v2\/posts\/4661\/revisions\/4664"}],"wp:featuredmedia":[{"embeddable":true,"href":"https:\/\/www.cudecoop.coop\/cudecoop\/wp-json\/wp\/v2\/media\/4662"}],"wp:attachment":[{"href":"https:\/\/www.cudecoop.coop\/cudecoop\/wp-json\/wp\/v2\/media?parent=4661"}],"wp:term":[{"taxonomy":"category","embeddable":true,"href":"https:\/\/www.cudecoop.coop\/cudecoop\/wp-json\/wp\/v2\/categories?post=4661"},{"taxonomy":"post_tag","embeddable":true,"href":"https:\/\/www.cudecoop.coop\/cudecoop\/wp-json\/wp\/v2\/tags?post=4661"}],"curies":[{"name":"wp","href":"https:\/\/api.w.org\/{rel}","templated":true}]}}