{"id":4652,"date":"2024-10-03T18:22:47","date_gmt":"2024-10-03T18:22:47","guid":{"rendered":"https:\/\/www.cudecoop.coop\/cudecoop\/?p=4652"},"modified":"2024-10-03T18:28:38","modified_gmt":"2024-10-03T18:28:38","slug":"uruguay-presente-en-la-xcix-reunion-del-consejo-de-administracion-de-cooperativas-de-las-americas-en-washington-dc","status":"publish","type":"post","link":"https:\/\/www.cudecoop.coop\/cudecoop\/uruguay-presente-en-la-xcix-reunion-del-consejo-de-administracion-de-cooperativas-de-las-americas-en-washington-dc\/","title":{"rendered":"Uruguay presente en la XCIX Reuni\u00f3n del Consejo de Administraci\u00f3n de Cooperativas de las Am\u00e9ricas en Washington DC"},"content":{"rendered":"<p>Nuestra presidenta Alicia Maneiro se encuentra en Washington DC a raz\u00f3n de la realizaci\u00f3n de la XCIX Reuni\u00f3n del Consejo de Administraci\u00f3n de Cooperativas de las Am\u00e9ricas el 1\u00b0 de octubre.<\/p>\n<p>La acompa\u00f1an por Uruguay Ad\u00e1n Mart\u00ednez, alterno al Consejo, y Luis Llorca como observador. Se realiz\u00f3 la presentaci\u00f3n sobre las actividades que se realizar\u00e1n el a\u00f1o pr\u00f3ximo con motivo del A\u00f1o Internacional de las Cooperativas.<\/p>\n<p>En el marco del Consejo de Administraci\u00f3n, la presidenta de&nbsp; Cooperativas de las Am\u00e9ricas, Graciela Fern\u00e1ndez, anunci\u00f3 su retiro del cargo y la asunci\u00f3n del vicepresidente Jos\u00e9 \u00c1lves, como el nuevo Presidente de Cooperativas de las Am\u00e9ricas.&nbsp;<\/p>\n<p>El comunicado emitido por la organizaci\u00f3n se\u00f1ala que el alejamiento del cargo es &#8220;debido a motivos estrictamente personales, la dirigente uruguaya se retir\u00f3 del cargo luego de seis a\u00f1os de liderazgo regional y marcada presencia en la Alianza Cooperativa Internacional. El vicepresidente ejercer\u00e1 la m\u00e1xima autoridad hasta completar el mandato, en 2026.&#8221; <a href=\"https:\/\/aciamericas.coop\/noticias\/graciela-fernandez-deja-la-presidencia-y-asume-jose-alves\/\">(Ver noticia aqu\u00ed)<\/a><\/p>\n<p>Por otro lado, el d\u00eda mi\u00e9rcoles 2, Alicia Maneiro particip\u00f3 en la Conferencia IMPACT de la Asociaci\u00f3n Nacional de Empresas Cooperativas &#8211; Liga de las Cooperativas de los Estados Unidos (NCBA-CLUSA), explicando la integraci\u00f3n cooperativa a nivel gremial y econ\u00f3mica en el Uruguay.<\/p>\n<p>Compartimos aqu\u00ed la exposici\u00f3n de Alicia Maneiro en la Conferencia IMPACT.<\/p>\n<p><iframe loading=\"lazy\" title=\"Alicia Maneiro - XCIX Reuni\u00f3n del Consejo de Administraci\u00f3n de Cooperativas de las Am\u00e9ricas\" width=\"525\" height=\"295\" src=\"https:\/\/www.youtube.com\/embed\/eXfwqyJZ1oE?feature=oembed\" frameborder=\"0\" allow=\"accelerometer; autoplay; clipboard-write; encrypted-media; gyroscope; picture-in-picture; web-share\" referrerpolicy=\"strict-origin-when-cross-origin\" allowfullscreen><\/iframe><\/p>\n<p>&nbsp;<\/p>\n","protected":false},"excerpt":{"rendered":"<p>Nuestra presidenta Alicia Maneiro se encuentra en Washington DC a raz\u00f3n de la realizaci\u00f3n de la XCIX Reuni\u00f3n del Consejo de Administraci\u00f3n de Cooperativas de las Am\u00e9ricas el 1\u00b0 de octubre. La acompa\u00f1an por Uruguay Ad\u00e1n Mart\u00ednez, alterno al Consejo, y Luis Llorca como observador. Se realiz\u00f3 la presentaci\u00f3n sobre las actividades que se realizar\u00e1n el a\u00f1o pr\u00f3ximo con motivo del A\u00f1o Internacional de las Cooperativas. En el marco del Consejo de Administraci\u00f3n, la presidenta de&nbsp; Cooperativas de las Am\u00e9ricas, Graciela Fern\u00e1ndez, anunci\u00f3 su retiro del cargo y la asunci\u00f3n del vicepresidente Jos\u00e9 \u00c1lves, como el nuevo Presidente de Cooperativas [&#8230;]<\/p>\n","protected":false},"author":27,"featured_media":0,"comment_status":"open","ping_status":"open","sticky":false,"template":"","format":"standard","meta":{"_acf_changed":false,"ngg_post_thumbnail":0,"footnotes":""},"categories":[7,6,1],"tags":[],"class_list":["post-4652","post","type-post","status-publish","format-standard","hentry","category-cooperativas","category-institucionales","category-noticias"],"acf":[],"_links":{"self":[{"href":"https:\/\/www.cudecoop.coop\/cudecoop\/wp-json\/wp\/v2\/posts\/4652","targetHints":{"allow":["GET"]}}],"collection":[{"href":"https:\/\/www.cudecoop.coop\/cudecoop\/wp-json\/wp\/v2\/posts"}],"about":[{"href":"https:\/\/www.cudecoop.coop\/cudecoop\/wp-json\/wp\/v2\/types\/post"}],"author":[{"embeddable":true,"href":"https:\/\/www.cudecoop.coop\/cudecoop\/wp-json\/wp\/v2\/users\/27"}],"replies":[{"embeddable":true,"href":"https:\/\/www.cudecoop.coop\/cudecoop\/wp-json\/wp\/v2\/comments?post=4652"}],"version-history":[{"count":3,"href":"https:\/\/www.cudecoop.coop\/cudecoop\/wp-json\/wp\/v2\/posts\/4652\/revisions"}],"predecessor-version":[{"id":4656,"href":"https:\/\/www.cudecoop.coop\/cudecoop\/wp-json\/wp\/v2\/posts\/4652\/revisions\/4656"}],"wp:attachment":[{"href":"https:\/\/www.cudecoop.coop\/cudecoop\/wp-json\/wp\/v2\/media?parent=4652"}],"wp:term":[{"taxonomy":"category","embeddable":true,"href":"https:\/\/www.cudecoop.coop\/cudecoop\/wp-json\/wp\/v2\/categories?post=4652"},{"taxonomy":"post_tag","embeddable":true,"href":"https:\/\/www.cudecoop.coop\/cudecoop\/wp-json\/wp\/v2\/tags?post=4652"}],"curies":[{"name":"wp","href":"https:\/\/api.w.org\/{rel}","templated":true}]}}