{"id":4637,"date":"2024-09-26T16:25:13","date_gmt":"2024-09-26T16:25:13","guid":{"rendered":"https:\/\/www.cudecoop.coop\/cudecoop\/?p=4637"},"modified":"2024-09-27T02:33:26","modified_gmt":"2024-09-27T02:33:26","slug":"guido-manini-rios-y-su-equipo-de-cabildo-abierto-visitaron-cudecoop","status":"publish","type":"post","link":"https:\/\/www.cudecoop.coop\/cudecoop\/guido-manini-rios-y-su-equipo-de-cabildo-abierto-visitaron-cudecoop\/","title":{"rendered":"Guido Manini R\u00edos y su equipo de Cabildo Abierto visitaron Cudecoop"},"content":{"rendered":"<p>&#8220;Es important\u00edsimo darle todo el ox\u00edgeno posible al cooperativismo&#8221;<\/p>\n<p>El jueves 26 de setiembre el candidato a la presidencia de la Rep\u00fablica por Cabildo Abierto, se reuni\u00f3 con el Consejo Directivo ampliado de Cudecoop, y fue acompa\u00f1ado por parte del equipo de f\u00f3rmula: Lorena Quintana, como candidata a la vicepresidencia; Irene Moreira, asesora de vivienda; Marcos Rodr\u00edguez, asesor de pol\u00edticas sociales; Marcos Methol, coordinador de Programa y el senador Guillermo Domenech.&nbsp;<\/p>\n<p>La reuni\u00f3n se dio en el marco de la presentaci\u00f3n de las Propuestas Program\u00e1ticas del Cooperativismo a los candidatos a la presidencia nacional. Dichas propuestas fueron presentadas por el Comit\u00e9 Ejecutivo de Cudecoop de forma resumida en 9 ideas.<a href=\"https:\/\/www.cudecoop.coop\/cudecoop\/9-ideas\/\">&nbsp;(ver aqu\u00ed las 9 ideas)<\/a><\/p>\n<p>Manini destac\u00f3 la importancia del rol de las cooperativas en la sociedad, ya que &#8220;no tienen fines de lucro, que no est\u00e1n buscando uno ganar a expensas de otro sino que buscan hacer los repartos lo m\u00e1s justos posible de los recursos disponibles, claramente el movimiento cooperativo tiene esa ventaja sobre el tratamiento de los distintos temas. Porque algo de lo que a veces la pol\u00edtica adolece es de perder contacto con la realidad, desconocer los efectos que se generan por no haber consultado o sido parte de esa instituci\u00f3n que en definitiva es la afectada&#8221;, destac\u00f3 el actual senador de la Rep\u00fablica.&nbsp;<\/p>\n<p>Para culminar la reuni\u00f3n el candidato ley\u00f3 tres aspectos de su programa de gobierno que involucran al cooperativismo:&nbsp;<\/p>\n<p>Vivienda:<\/p>\n<p>Promover la construcci\u00f3n de viviendas a trav\u00e9s del sistema cooperativo implementando un fondo rotatorio que agilice el desembolso de los fondos necesarios, mantener la inversi\u00f3n del 50% del FONAVI para el cooperativismo.<\/p>\n<p>El manejo de dicho fondo estar\u00e1 tercerizado con gesti\u00f3n de las federaciones y aprobaci\u00f3n del Ministerio de Vivienda. Las federaciones deber\u00e1n rendir cuentas regularmente a los cooperativistas y al Ministerio.&nbsp;<\/p>\n<p>Sector agrario:<\/p>\n<p>Mejora en las de comercializaci\u00f3n, revisar y mejorar las cadenas de comercializaci\u00f3n para disminuir la diferencia entre los precios pagados al productor y el precio final al consumidor. Implementar estrategias de comercializaci\u00f3n directa y cooperativas para mejorar el margen de ganancia del producto.&nbsp;<\/p>\n<p>Sector trabajo:<\/p>\n<p>promover la formaci\u00f3n de cooperativas de trabajo y en particular las de cooperativas sociales, con la contrataci\u00f3n tanto en la \u00f3rbita privada como p\u00fablica. Proponer los ajustes necesarios a nivel legislativo y reglamentario a fin de promover el pasaje de cooperativa social a cooperativa de trabajo.&nbsp;<\/p>\n<p>Y agreg\u00f3 la disposici\u00f3n a fortalecer el Instituto Nacional del Cooperativismo, INACOOP.&nbsp;<\/p>\n<p>Compartimos <a href=\"https:\/\/www.youtube.com\/watch?v=YhFVHI202pg\">aqu\u00ed<\/a> el video del candidato sobre su valoraci\u00f3n de la reuni\u00f3n.&nbsp;<\/p>\n","protected":false},"excerpt":{"rendered":"<p>&#8220;Es important\u00edsimo darle todo el ox\u00edgeno posible al cooperativismo&#8221; El jueves 26 de setiembre el candidato a la presidencia de la Rep\u00fablica por Cabildo Abierto, se reuni\u00f3 con el Consejo Directivo ampliado de Cudecoop, y fue acompa\u00f1ado por parte del equipo de f\u00f3rmula: Lorena Quintana, como candidata a la vicepresidencia; Irene Moreira, asesora de vivienda; Marcos Rodr\u00edguez, asesor de pol\u00edticas sociales; Marcos Methol, coordinador de Programa y el senador Guillermo Domenech.&nbsp; La reuni\u00f3n se dio en el marco de la presentaci\u00f3n de las Propuestas Program\u00e1ticas del Cooperativismo a los candidatos a la presidencia nacional. Dichas propuestas fueron presentadas por el [&#8230;]<\/p>\n","protected":false},"author":27,"featured_media":4643,"comment_status":"open","ping_status":"open","sticky":false,"template":"","format":"standard","meta":{"_acf_changed":false,"ngg_post_thumbnail":0,"footnotes":""},"categories":[7,6,1],"tags":[],"class_list":["post-4637","post","type-post","status-publish","format-standard","has-post-thumbnail","hentry","category-cooperativas","category-institucionales","category-noticias"],"acf":[],"_links":{"self":[{"href":"https:\/\/www.cudecoop.coop\/cudecoop\/wp-json\/wp\/v2\/posts\/4637","targetHints":{"allow":["GET"]}}],"collection":[{"href":"https:\/\/www.cudecoop.coop\/cudecoop\/wp-json\/wp\/v2\/posts"}],"about":[{"href":"https:\/\/www.cudecoop.coop\/cudecoop\/wp-json\/wp\/v2\/types\/post"}],"author":[{"embeddable":true,"href":"https:\/\/www.cudecoop.coop\/cudecoop\/wp-json\/wp\/v2\/users\/27"}],"replies":[{"embeddable":true,"href":"https:\/\/www.cudecoop.coop\/cudecoop\/wp-json\/wp\/v2\/comments?post=4637"}],"version-history":[{"count":3,"href":"https:\/\/www.cudecoop.coop\/cudecoop\/wp-json\/wp\/v2\/posts\/4637\/revisions"}],"predecessor-version":[{"id":4642,"href":"https:\/\/www.cudecoop.coop\/cudecoop\/wp-json\/wp\/v2\/posts\/4637\/revisions\/4642"}],"wp:featuredmedia":[{"embeddable":true,"href":"https:\/\/www.cudecoop.coop\/cudecoop\/wp-json\/wp\/v2\/media\/4643"}],"wp:attachment":[{"href":"https:\/\/www.cudecoop.coop\/cudecoop\/wp-json\/wp\/v2\/media?parent=4637"}],"wp:term":[{"taxonomy":"category","embeddable":true,"href":"https:\/\/www.cudecoop.coop\/cudecoop\/wp-json\/wp\/v2\/categories?post=4637"},{"taxonomy":"post_tag","embeddable":true,"href":"https:\/\/www.cudecoop.coop\/cudecoop\/wp-json\/wp\/v2\/tags?post=4637"}],"curies":[{"name":"wp","href":"https:\/\/api.w.org\/{rel}","templated":true}]}}