{"id":4633,"date":"2024-09-26T13:51:10","date_gmt":"2024-09-26T13:51:10","guid":{"rendered":"https:\/\/www.cudecoop.coop\/cudecoop\/?p=4633"},"modified":"2024-09-26T18:16:08","modified_gmt":"2024-09-26T18:16:08","slug":"yamandu-orsi-y-equipo-del-frente-amplio-visitaron-cudecoop","status":"publish","type":"post","link":"https:\/\/www.cudecoop.coop\/cudecoop\/yamandu-orsi-y-equipo-del-frente-amplio-visitaron-cudecoop\/","title":{"rendered":"Yamand\u00fa Orsi y equipo del Frente Amplio visitaron Cudecoop"},"content":{"rendered":"<p>El mi\u00e9rcoles 25 de setiembre Yamand\u00fa Orsi, candidato a la presidencia por el Frente Amplio, junto a la candidata a la vicepresidencia Carolina Cosse, y equipo integrado por Flavia Carretto y Carlos Reyes, se reunieron con el Consejo Directivo ampliado de Cudecoop.<\/p>\n<p>La reuni\u00f3n se dio en el marco de la presentaci\u00f3n de las Propuestas Program\u00e1ticas del Cooperativismo a los candidatos a la presidencia nacional. Dichas propuestas fueron presentadas por el Comit\u00e9 Ejecutivo de Cudecoop de forma resumida en 9 ideas.<a href=\"https:\/\/www.cudecoop.coop\/cudecoop\/9-ideas\/\"> (ver aqu\u00ed las 9 ideas)<\/a><\/p>\n<p>En el marco de la presentaci\u00f3n la presidenta de Cudecoop, Alicia Maneiro,&nbsp; destac\u00f3 la importancia de seguir profundizando en medidas pro cooperativismo ya que ha demostrado en estos 100 a\u00f1os ser una herramienta de desarrollo a nivel nacional. Sobre esto, Orsi se\u00f1al\u00f3 que en el Programa de gobierno del Frente Amplio tienen definiciones ya establecidas pero que en la actualidad entienden la articulaci\u00f3n para la construcci\u00f3n de nuevos acuerdos.&nbsp;<\/p>\n<p>&#8220;Si bien ya existe un camino recorrido junto al cooperativismo tanto de parte de mi gesti\u00f3n (en Canelones) como en la de Carolina (en Montevideo), la disposici\u00f3n es a comprender mejor este universo y poder apalancar para subsanar los recortes mencionados aqu\u00ed en la presentaci\u00f3n.&#8221; destac\u00f3 el candidato minutos antes de finalizar el encuentro.&nbsp;<\/p>\n<p>Compartimos <a href=\"https:\/\/www.youtube.com\/watch?v=-PcXPyr0JOw\">aqu\u00ed<\/a> las palabras de Yamand\u00fa al finalizar la reuni\u00f3n<\/p>\n<p>Y <a href=\"https:\/\/www.youtube.com\/watch?v=fzK7Wqp6FOQ\">aqu\u00ed<\/a> las palabras de la candidata a la Vicepresidencia, Carolina Cosse.<\/p>\n","protected":false},"excerpt":{"rendered":"<p>El mi\u00e9rcoles 25 de setiembre Yamand\u00fa Orsi, candidato a la presidencia por el Frente Amplio, junto a la candidata a la vicepresidencia Carolina Cosse, y equipo integrado por Flavia Carretto y Carlos Reyes, se reunieron con el Consejo Directivo ampliado de Cudecoop. La reuni\u00f3n se dio en el marco de la presentaci\u00f3n de las Propuestas Program\u00e1ticas del Cooperativismo a los candidatos a la presidencia nacional. Dichas propuestas fueron presentadas por el Comit\u00e9 Ejecutivo de Cudecoop de forma resumida en 9 ideas. (ver aqu\u00ed las 9 ideas) En el marco de la presentaci\u00f3n la presidenta de Cudecoop, Alicia Maneiro,&nbsp; destac\u00f3 la [&#8230;]<\/p>\n","protected":false},"author":27,"featured_media":4634,"comment_status":"open","ping_status":"open","sticky":false,"template":"","format":"standard","meta":{"_acf_changed":false,"ngg_post_thumbnail":0,"footnotes":""},"categories":[7,6,1],"tags":[],"class_list":["post-4633","post","type-post","status-publish","format-standard","has-post-thumbnail","hentry","category-cooperativas","category-institucionales","category-noticias"],"acf":[],"_links":{"self":[{"href":"https:\/\/www.cudecoop.coop\/cudecoop\/wp-json\/wp\/v2\/posts\/4633","targetHints":{"allow":["GET"]}}],"collection":[{"href":"https:\/\/www.cudecoop.coop\/cudecoop\/wp-json\/wp\/v2\/posts"}],"about":[{"href":"https:\/\/www.cudecoop.coop\/cudecoop\/wp-json\/wp\/v2\/types\/post"}],"author":[{"embeddable":true,"href":"https:\/\/www.cudecoop.coop\/cudecoop\/wp-json\/wp\/v2\/users\/27"}],"replies":[{"embeddable":true,"href":"https:\/\/www.cudecoop.coop\/cudecoop\/wp-json\/wp\/v2\/comments?post=4633"}],"version-history":[{"count":3,"href":"https:\/\/www.cudecoop.coop\/cudecoop\/wp-json\/wp\/v2\/posts\/4633\/revisions"}],"predecessor-version":[{"id":4640,"href":"https:\/\/www.cudecoop.coop\/cudecoop\/wp-json\/wp\/v2\/posts\/4633\/revisions\/4640"}],"wp:featuredmedia":[{"embeddable":true,"href":"https:\/\/www.cudecoop.coop\/cudecoop\/wp-json\/wp\/v2\/media\/4634"}],"wp:attachment":[{"href":"https:\/\/www.cudecoop.coop\/cudecoop\/wp-json\/wp\/v2\/media?parent=4633"}],"wp:term":[{"taxonomy":"category","embeddable":true,"href":"https:\/\/www.cudecoop.coop\/cudecoop\/wp-json\/wp\/v2\/categories?post=4633"},{"taxonomy":"post_tag","embeddable":true,"href":"https:\/\/www.cudecoop.coop\/cudecoop\/wp-json\/wp\/v2\/tags?post=4633"}],"curies":[{"name":"wp","href":"https:\/\/api.w.org\/{rel}","templated":true}]}}