{"id":4628,"date":"2024-09-17T22:31:37","date_gmt":"2024-09-17T22:31:37","guid":{"rendered":"https:\/\/www.cudecoop.coop\/cudecoop\/?p=4628"},"modified":"2024-09-18T16:23:11","modified_gmt":"2024-09-18T16:23:11","slug":"consejo-directivo-y-eleccion-de-delegados-a-inacoop","status":"publish","type":"post","link":"https:\/\/www.cudecoop.coop\/cudecoop\/consejo-directivo-y-eleccion-de-delegados-a-inacoop\/","title":{"rendered":"Consejo Directivo y elecci\u00f3n de delegados a Inacoop"},"content":{"rendered":"<p>El martes 17 de setiembre se realiz\u00f3 el Consejo Directivo de Cudecoop para la elecci\u00f3n de delegados al Instituto Nacional del Cooperativismo, Inacoop y al Fondo para el Desarrollo, Fondes &#8211; Inacoop.&nbsp;<\/p>\n<p>El Consejo directivo vot\u00f3 para elegir a las personas que representen al movimiento cooperativo en el siguiente periodo a:&nbsp;<\/p>\n<p>Fondes Inacoop:&nbsp;<\/p>\n<p>Ana Laura Cardozo, Mariana Galvan y Alfredo Guerra.&nbsp;<\/p>\n<p>Inacoop:&nbsp;<\/p>\n<p>Gustavo Cardozo, Alejandro Castiglia, Jos\u00e9 Clavell, Juan Carlos Canessa, Hugo Monta\u00f1o y Richard Silvera.&nbsp;<\/p>\n<p>&nbsp;<\/p>\n<p>&nbsp;<\/p>\n","protected":false},"excerpt":{"rendered":"<p>El martes 17 de setiembre se realiz\u00f3 el Consejo Directivo de Cudecoop para la elecci\u00f3n de delegados al Instituto Nacional del Cooperativismo, Inacoop y al Fondo para el Desarrollo, Fondes &#8211; Inacoop.&nbsp; El Consejo directivo vot\u00f3 para elegir a las personas que representen al movimiento cooperativo en el siguiente periodo a:&nbsp; Fondes Inacoop:&nbsp; Ana Laura Cardozo, Mariana Galvan y Alfredo Guerra.&nbsp; Inacoop:&nbsp; Gustavo Cardozo, Alejandro Castiglia, Jos\u00e9 Clavell, Juan Carlos Canessa, Hugo Monta\u00f1o y Richard Silvera.&nbsp; &nbsp; [&#8230;]<\/p>\n","protected":false},"author":27,"featured_media":4630,"comment_status":"open","ping_status":"open","sticky":false,"template":"","format":"standard","meta":{"_acf_changed":false,"ngg_post_thumbnail":0,"footnotes":""},"categories":[7,6,1],"tags":[],"class_list":["post-4628","post","type-post","status-publish","format-standard","has-post-thumbnail","hentry","category-cooperativas","category-institucionales","category-noticias"],"acf":[],"_links":{"self":[{"href":"https:\/\/www.cudecoop.coop\/cudecoop\/wp-json\/wp\/v2\/posts\/4628","targetHints":{"allow":["GET"]}}],"collection":[{"href":"https:\/\/www.cudecoop.coop\/cudecoop\/wp-json\/wp\/v2\/posts"}],"about":[{"href":"https:\/\/www.cudecoop.coop\/cudecoop\/wp-json\/wp\/v2\/types\/post"}],"author":[{"embeddable":true,"href":"https:\/\/www.cudecoop.coop\/cudecoop\/wp-json\/wp\/v2\/users\/27"}],"replies":[{"embeddable":true,"href":"https:\/\/www.cudecoop.coop\/cudecoop\/wp-json\/wp\/v2\/comments?post=4628"}],"version-history":[{"count":2,"href":"https:\/\/www.cudecoop.coop\/cudecoop\/wp-json\/wp\/v2\/posts\/4628\/revisions"}],"predecessor-version":[{"id":4631,"href":"https:\/\/www.cudecoop.coop\/cudecoop\/wp-json\/wp\/v2\/posts\/4628\/revisions\/4631"}],"wp:featuredmedia":[{"embeddable":true,"href":"https:\/\/www.cudecoop.coop\/cudecoop\/wp-json\/wp\/v2\/media\/4630"}],"wp:attachment":[{"href":"https:\/\/www.cudecoop.coop\/cudecoop\/wp-json\/wp\/v2\/media?parent=4628"}],"wp:term":[{"taxonomy":"category","embeddable":true,"href":"https:\/\/www.cudecoop.coop\/cudecoop\/wp-json\/wp\/v2\/categories?post=4628"},{"taxonomy":"post_tag","embeddable":true,"href":"https:\/\/www.cudecoop.coop\/cudecoop\/wp-json\/wp\/v2\/tags?post=4628"}],"curies":[{"name":"wp","href":"https:\/\/api.w.org\/{rel}","templated":true}]}}