{"id":4614,"date":"2024-09-11T15:12:06","date_gmt":"2024-09-11T15:12:06","guid":{"rendered":"https:\/\/www.cudecoop.coop\/cudecoop\/?p=4614"},"modified":"2024-09-16T15:14:53","modified_gmt":"2024-09-16T15:14:53","slug":"buscamos-cooperativas-que-desarrollen-capacitacion-en-programacion","status":"publish","type":"post","link":"https:\/\/www.cudecoop.coop\/cudecoop\/buscamos-cooperativas-que-desarrollen-capacitacion-en-programacion\/","title":{"rendered":"Buscamos cooperativas que desarrollen capacitaci\u00f3n en programaci\u00f3n\u00a0"},"content":{"rendered":"<p><span style=\"font-weight: 400;\">La presente convocatoria est\u00e1 dirigida a entidades, preferencialmente cooperativas, que desarrollen actividades de capacitaci\u00f3n en programaci\u00f3n, en el marco del Proyecto Innov-Hubs, que lleva adelante CUDECOOP, junto a DIESIS y CGM, cofinanciado por la Uni\u00f3n Europea, y que en Uruguay tiene como entidad de referencia a la Incubadora de Cooperativas en sectores intensivos en Innovaci\u00f3n y Conocimiento (<\/span><a href=\"http:\/\/www.incubacoop.org.uy\"><span style=\"font-weight: 400;\">www.incubacoop.org.uy<\/span><\/a><span style=\"font-weight: 400;\">)&nbsp;<\/span><!--more--><\/p>\n<p><b>OBJETIVO<\/b><\/p>\n<p><span style=\"font-weight: 400;\">Esta convocatoria busca la contrataci\u00f3n de un equipo que pueda desarrollar una propuesta de formaci\u00f3n en programaci\u00f3n orientada al sector cooperativo y de ESS en Uruguay.<\/span><\/p>\n<p><b>PLAZOS&nbsp;<\/b><\/p>\n<p><span style=\"font-weight: 400;\">Las postulaciones podr\u00e1n presentarse hasta el <\/span><b>22 de setiembre de 2024.<\/b><\/p>\n<p><span style=\"font-weight: 400;\">La propuesta de capacitaci\u00f3n deber\u00e1 ejecutarse antes de finalizar 2024.<\/span><\/p>\n<p>Ver T\u00e9rminos de Referencia:&nbsp;<\/p>\n<p><a href=\"http:\/\/www.cudecoop.coop\/cudecoop\/wp-content\/uploads\/2024\/09\/TDR-Capacitacion-Programacion-Coop.-2024-vf.pdf\">TDR Capacitacion Programacion Coop. 2024 vf<\/a><\/p>\n","protected":false},"excerpt":{"rendered":"<p>La presente convocatoria est\u00e1 dirigida a entidades, preferencialmente cooperativas, que desarrollen actividades de capacitaci\u00f3n en programaci\u00f3n, en el marco del Proyecto Innov-Hubs, que lleva adelante CUDECOOP, junto a DIESIS y CGM, cofinanciado por la Uni\u00f3n Europea, y que en Uruguay tiene como entidad de referencia a la Incubadora de Cooperativas en sectores intensivos en Innovaci\u00f3n y Conocimiento [&#8230;]<\/p>\n","protected":false},"author":27,"featured_media":0,"comment_status":"open","ping_status":"open","sticky":false,"template":"","format":"standard","meta":{"_acf_changed":false,"ngg_post_thumbnail":0,"footnotes":""},"categories":[7,6,1],"tags":[],"class_list":["post-4614","post","type-post","status-publish","format-standard","hentry","category-cooperativas","category-institucionales","category-noticias"],"acf":[],"_links":{"self":[{"href":"https:\/\/www.cudecoop.coop\/cudecoop\/wp-json\/wp\/v2\/posts\/4614","targetHints":{"allow":["GET"]}}],"collection":[{"href":"https:\/\/www.cudecoop.coop\/cudecoop\/wp-json\/wp\/v2\/posts"}],"about":[{"href":"https:\/\/www.cudecoop.coop\/cudecoop\/wp-json\/wp\/v2\/types\/post"}],"author":[{"embeddable":true,"href":"https:\/\/www.cudecoop.coop\/cudecoop\/wp-json\/wp\/v2\/users\/27"}],"replies":[{"embeddable":true,"href":"https:\/\/www.cudecoop.coop\/cudecoop\/wp-json\/wp\/v2\/comments?post=4614"}],"version-history":[{"count":3,"href":"https:\/\/www.cudecoop.coop\/cudecoop\/wp-json\/wp\/v2\/posts\/4614\/revisions"}],"predecessor-version":[{"id":4618,"href":"https:\/\/www.cudecoop.coop\/cudecoop\/wp-json\/wp\/v2\/posts\/4614\/revisions\/4618"}],"wp:attachment":[{"href":"https:\/\/www.cudecoop.coop\/cudecoop\/wp-json\/wp\/v2\/media?parent=4614"}],"wp:term":[{"taxonomy":"category","embeddable":true,"href":"https:\/\/www.cudecoop.coop\/cudecoop\/wp-json\/wp\/v2\/categories?post=4614"},{"taxonomy":"post_tag","embeddable":true,"href":"https:\/\/www.cudecoop.coop\/cudecoop\/wp-json\/wp\/v2\/tags?post=4614"}],"curies":[{"name":"wp","href":"https:\/\/api.w.org\/{rel}","templated":true}]}}