{"id":4612,"date":"2024-09-16T14:02:00","date_gmt":"2024-09-16T14:02:00","guid":{"rendered":"https:\/\/www.cudecoop.coop\/cudecoop\/?p=4612"},"modified":"2024-09-17T22:06:56","modified_gmt":"2024-09-17T22:06:56","slug":"movimiento-cooperativo-presente-en-el-encuentro-de-investigadores-latinoamericanos-en-cooperativismo","status":"publish","type":"post","link":"https:\/\/www.cudecoop.coop\/cudecoop\/movimiento-cooperativo-presente-en-el-encuentro-de-investigadores-latinoamericanos-en-cooperativismo\/","title":{"rendered":"Participamos del 13 \u00b0 Encuentro de Investigadores Latinoamericanos en Cooperativismo"},"content":{"rendered":"<p>Del 5 al 7 de setiembre Montevideo fue sede anfitriona del XIII Encuentro de Investigadores Latinoamericanos en Cooperativismo (EILAC)&nbsp;\u201cCooperativismo y Econom\u00eda Social y Solidaria: construyendo pr\u00e1cticas y teor\u00edas transformadoras para una \u00e9poca de cambios\u201d&nbsp;<i>in memoriam<\/i> Prof. Diego Barrios.<\/p>\n<p>La inauguraci\u00f3n se realiz\u00f3 en Fundaci\u00f3n Verde, contando con la participaci\u00f3n de Alicia Maneiro, presidenta de Cudecoop, Graciela Fern\u00e1ndez, presidenta de Cooperativas de las Am\u00e9ricas; &nbsp;Pablo Mart\u00ednez Bengochea por el Instituto Juan Pablo Terra y Juan Pablo Mart\u00ed por la Universidad de la Rep\u00fablica.&nbsp;<\/p>\n<p>El Encuentro de Investigadores Latinoamericanos en Cooperativismo fue un espacio de intercambio de conocimiento e investigaciones sobre los asuntos relacionados a la formaci\u00f3n y eduaci\u00f3n cooperativa en todas sus dimensiones.&nbsp;&nbsp;<\/p>\n<p>Durante las jornadas, se realizaron sesiones paralelas en diferentes espacios de la Facultad de Ciencias Econ\u00f3micas y Administraci\u00f3n&nbsp; de las que participaron autoridades del movimiento cooperativo, referentes de la Econom\u00eda Social y Solidaria e integrantes de los distintos equipos t\u00e9cnicos, tanto nacionales como de Am\u00e9rica.&nbsp; Destacamos tambi\u00e9n la participaci\u00f3n&nbsp; de integrantes de cooperativas locales en las ponencias realizadas.&nbsp;<\/p>\n<p>Otra de las actividades realizadas fue un emotivo homenaje por el 100 aniversario del Arquitecto Juan Pablo Terra, a cargo del Instituto hom\u00f3nimo. Compartimos aqu\u00ed el documental all\u00ed presentado:&nbsp;<\/p>\n<p><iframe loading=\"lazy\" title=\"Documental: 100 A\u00f1os Juan Pablo Terra: Legado y Compromiso.\" width=\"525\" height=\"295\" src=\"https:\/\/www.youtube.com\/embed\/LrUGJ_y3LjQ?feature=oembed\" frameborder=\"0\" allow=\"accelerometer; autoplay; clipboard-write; encrypted-media; gyroscope; picture-in-picture; web-share\" referrerpolicy=\"strict-origin-when-cross-origin\" allowfullscreen><\/iframe><\/p>\n<p><a href=\"https:\/\/fcea.udelar.edu.uy\/cronograma.html\">Compartimos aqu\u00ed<\/a> el cronograma de las actividades para que puedas hacer un repaso de las diferentes exposiciones.&nbsp;<\/p>\n<p><a href=\"https:\/\/fcea.udelar.edu.uy\/institucional\/eventos-academicos\/xiii-encuentro-de-investigadores-latinoamericanos-en-cooperativismo.html\">Y aqu\u00ed<\/a> puedes ver el webinar de lanzamiento y presentaci\u00f3n que se realiz\u00f3 previo al Encuentro.&nbsp;<\/p>\n","protected":false},"excerpt":{"rendered":"<p>Del 5 al 7 de setiembre Montevideo fue sede anfitriona del XIII Encuentro de Investigadores Latinoamericanos en Cooperativismo (EILAC)&nbsp;\u201cCooperativismo y Econom\u00eda Social y Solidaria: construyendo pr\u00e1cticas y teor\u00edas transformadoras para una \u00e9poca de cambios\u201d&nbsp;in memoriam Prof. Diego Barrios. La inauguraci\u00f3n se realiz\u00f3 en Fundaci\u00f3n Verde, contando con la participaci\u00f3n de Alicia Maneiro, presidenta de Cudecoop, Graciela Fern\u00e1ndez, presidenta de Cooperativas de las Am\u00e9ricas; &nbsp;Pablo Mart\u00ednez Bengochea por el Instituto Juan Pablo Terra y Juan Pablo Mart\u00ed por la Universidad de la Rep\u00fablica.&nbsp; El Encuentro de Investigadores Latinoamericanos en Cooperativismo fue un espacio de intercambio de conocimiento e investigaciones sobre los [&#8230;]<\/p>\n","protected":false},"author":27,"featured_media":4619,"comment_status":"open","ping_status":"open","sticky":false,"template":"","format":"standard","meta":{"_acf_changed":false,"ngg_post_thumbnail":0,"footnotes":""},"categories":[7,6,1],"tags":[],"class_list":["post-4612","post","type-post","status-publish","format-standard","has-post-thumbnail","hentry","category-cooperativas","category-institucionales","category-noticias"],"acf":[],"_links":{"self":[{"href":"https:\/\/www.cudecoop.coop\/cudecoop\/wp-json\/wp\/v2\/posts\/4612","targetHints":{"allow":["GET"]}}],"collection":[{"href":"https:\/\/www.cudecoop.coop\/cudecoop\/wp-json\/wp\/v2\/posts"}],"about":[{"href":"https:\/\/www.cudecoop.coop\/cudecoop\/wp-json\/wp\/v2\/types\/post"}],"author":[{"embeddable":true,"href":"https:\/\/www.cudecoop.coop\/cudecoop\/wp-json\/wp\/v2\/users\/27"}],"replies":[{"embeddable":true,"href":"https:\/\/www.cudecoop.coop\/cudecoop\/wp-json\/wp\/v2\/comments?post=4612"}],"version-history":[{"count":3,"href":"https:\/\/www.cudecoop.coop\/cudecoop\/wp-json\/wp\/v2\/posts\/4612\/revisions"}],"predecessor-version":[{"id":4625,"href":"https:\/\/www.cudecoop.coop\/cudecoop\/wp-json\/wp\/v2\/posts\/4612\/revisions\/4625"}],"wp:featuredmedia":[{"embeddable":true,"href":"https:\/\/www.cudecoop.coop\/cudecoop\/wp-json\/wp\/v2\/media\/4619"}],"wp:attachment":[{"href":"https:\/\/www.cudecoop.coop\/cudecoop\/wp-json\/wp\/v2\/media?parent=4612"}],"wp:term":[{"taxonomy":"category","embeddable":true,"href":"https:\/\/www.cudecoop.coop\/cudecoop\/wp-json\/wp\/v2\/categories?post=4612"},{"taxonomy":"post_tag","embeddable":true,"href":"https:\/\/www.cudecoop.coop\/cudecoop\/wp-json\/wp\/v2\/tags?post=4612"}],"curies":[{"name":"wp","href":"https:\/\/api.w.org\/{rel}","templated":true}]}}