{"id":4603,"date":"2024-08-29T16:48:56","date_gmt":"2024-08-29T16:48:56","guid":{"rendered":"https:\/\/www.cudecoop.coop\/cudecoop\/?p=4603"},"modified":"2024-11-04T17:49:44","modified_gmt":"2024-11-04T17:49:44","slug":"el-sector-cooperativo-estuvo-presente-en-la-4ta-edicion-del-foro-regional-de-desarrollo-economico-local","status":"publish","type":"post","link":"https:\/\/www.cudecoop.coop\/cudecoop\/el-sector-cooperativo-estuvo-presente-en-la-4ta-edicion-del-foro-regional-de-desarrollo-economico-local\/","title":{"rendered":"4to Foro Regional de Desarrollo Econ\u00f3mico Local y cooperativismo"},"content":{"rendered":"<p>Durante los d\u00edas 26, 27 y 28 de agosto participamos de la 4ta edici\u00f3n del Foro Regional de Desarrollo Econ\u00f3mico Local llevado a cabo en Montevideo con la participaci\u00f3n de exponentes locales e internacionales.&nbsp;<\/p>\n<p>De la actividad de apertura, realizada el lunes 26 en el Teatro Sol\u00eds, participaron Alicia Maneiro y Marisol Fuentes, presidenta y vicepresidenta de Cudecoop.&nbsp; Esta jornada que dio inicio al Foro fue coronada con un espect\u00e1culo de la Orquesta Filarm\u00f3nica de Montevideo.<\/p>\n<p>\u201cAlianzas territoriales y desaf\u00edos en el modelo econ\u00f3mico de desarrollo local en Am\u00e9rica Latina y el Caribe\u201d fue la tem\u00e1tica general del evento que se enfoc\u00f3 en dos ejes: Nuevas miradas y modelos para un desarrollo econ\u00f3mico local y Alianzas territoriales de actores para el desarrollo econ\u00f3mico local en el marco de la triple transici\u00f3n (social, digital, ecol\u00f3gica)<\/p>\n<p>Los d\u00edas martes 27 y mi\u00e9rcoles 28 se realizaron m\u00e1s de 10 mesas de exposici\u00f3n y talleres de los que participaron m\u00e1s de 200 personas entre representantes de diferentes instituciones, gobiernos&nbsp; y organizaciones, empresarias\/os&nbsp; e investigadoras\/es nacionales e internacionales.<\/p>\n<p>En este marco y acompa\u00f1ado de un panel conformado por referentes mundiales, Marisol Fuentes particip\u00f3 de la Mesa 2 &#8211; Alianzas territoriales: agencias de desarrollo y otros instrumentos para la promoci\u00f3n del desarrollo ante nuevos desaf\u00edos regionales. En su ponencia destac\u00f3: &#8220;Hay que empoderar en los procesos autogestionados, donde cada uno es parte y es de uno. A partir de emprendimientos cooperativos se desarrollan otros que los abastecen, all\u00ed est\u00e1 el gran aporte al territorio.&#8221; Transmisi\u00f3n de TV Ciudad disponible <a href=\"https:\/\/www.youtube.com\/watch?v=i7B9Ursgmik\">aqu\u00ed<\/a><\/p>\n<p>Durante la jornada del mi\u00e9rcoles 28 destacamos la participaci\u00f3n de la Dra. Graciela Fern\u00e1ndez,&nbsp; presidenta de Cooperativas de las Am\u00e9ricas, quien particip\u00f3 de la Mesa 7 &#8211; Trabajo decente, empleo y justicia social en el contexto de la gesti\u00f3n p\u00fablica, llevada a cabo en el Sal\u00f3n Dorado de la Intendencia de Montevideo. En su participaci\u00f3n reafirm\u00f3 &#8220;Hay una agenda 2030, debemos partir de esa agenda para entrar en un di\u00e1logo social, que se va a traducir diferente en diferentes lugares. Es necesario el di\u00e1logo social, un di\u00e1logo social sobre una base que podamos partir de una base de constatar realidades y despu\u00e9s ver en que podemos finalizar.&#8221; Transmisi\u00f3n de TV Ciudad disponible <a href=\"https:\/\/www.youtube.com\/watch?v=OtOW_Rc0Sso\">aqu\u00ed<\/a><\/p>\n<p>De la Mesa Central de Cierre de esta jornada particip\u00f3, por el movimiento cooperativo, Alicia Maneiro, presidenta de Cudecoop. En este espacio, luego de destacar que &#8220;sigue siendo necesario poner a la persona en el centro&#8221;, mencion\u00f3 &#8220;El movimiento cooperativo tiene capacidad de di\u00e1logo, est\u00e1 organizado y trata de colaborar; es un socio estrat\u00e9gico para el desarrollo sostenible, para generar trabajo digno para todas y todos. aporta a la transversalidad de los temas de g\u00e9nero y generaciones y no hablo solo de j\u00f3venes sino tambi\u00e9n de la tercera edad. Invito a pensar en el movimiento cooperativo como un aliado estrat\u00e9gico en cada uno de los territorios.&#8221; Transmisi\u00f3n de TV Ciudad disponible <a href=\"https:\/\/www.youtube.com\/watch?v=45FiTZIXvS8\">aqu\u00ed<\/a><\/p>\n<p>Durante el Foro se realiz\u00f3 la reuni\u00f3n de Mercociudades, integrada por las redes de gobiernos locales de Am\u00e9rica del Sur, que representan 380 ciudades miembro de 12 pa\u00edses del Continente. Cudecoop estuvo presente en la reuni\u00f3n representado por su Presidenta, quien inst\u00f3 a los gobiernos locales a reconocer al cooperativismo como aliado estrat\u00e9gico de desarrollo social en toda la regi\u00f3n.<br \/>\nMauricio Zunino, intendente de Montevideo, destac\u00f3 el acuerdo marco que la Intendencia capitalina tiene con Cudecoop, que centraliza y organiza las intervenciones que el cooperativismo mantiene con la comuna.<\/p>\n<p>Previo a la clausura del Foro, Zunino estuvo a cargo de la lectura de la declaratoria final en la que se incluye el punto 9 &#8220;Resaltamos el papel clave de la Econom\u00eda Social y Solidaria y de las cooperativas en el desarrollo econ\u00f3mico local, siendo estas entidades motores de innovaci\u00f3n social y econ\u00f3mica; capaces de abordar necesidades locales de manera participativa e inclusiva. Instamos a gobiernos y actores internacionales a apoyar estas entidades, valor\u00e1ndolas como relevantes para construir&nbsp; econom\u00edas locales resilientes y equitativas, en especial en el marco del A\u00f1o Internacional de las cooperativas en 2025&#8221; estas conclusiones ser\u00e1n la base fundamental para avanzar en las discusiones del pr\u00f3ximo Foro Mundial de Desarrollo Econ\u00f3mico Local, que se celebrar\u00e1 en Sevilla, Espa\u00f1a, en abril de 2025.<\/p>\n<p>&nbsp;<\/p>\n<p>&nbsp;<\/p>\n<p>&nbsp;<\/p>\n","protected":false},"excerpt":{"rendered":"<p>Durante los d\u00edas 26, 27 y 28 de agosto participamos de la 4ta edici\u00f3n del Foro Regional de Desarrollo Econ\u00f3mico Local llevado a cabo en Montevideo con la participaci\u00f3n de exponentes locales e internacionales.&nbsp; De la actividad de apertura, realizada el lunes 26 en el Teatro Sol\u00eds, participaron Alicia Maneiro y Marisol Fuentes, presidenta y vicepresidenta de Cudecoop.&nbsp; Esta jornada que dio inicio al Foro fue coronada con un espect\u00e1culo de la Orquesta Filarm\u00f3nica de Montevideo. \u201cAlianzas territoriales y desaf\u00edos en el modelo econ\u00f3mico de desarrollo local en Am\u00e9rica Latina y el Caribe\u201d fue la tem\u00e1tica general del evento que [&#8230;]<\/p>\n","protected":false},"author":27,"featured_media":4604,"comment_status":"open","ping_status":"open","sticky":false,"template":"","format":"standard","meta":{"_acf_changed":false,"ngg_post_thumbnail":0,"footnotes":""},"categories":[7,6,1],"tags":[],"class_list":["post-4603","post","type-post","status-publish","format-standard","has-post-thumbnail","hentry","category-cooperativas","category-institucionales","category-noticias"],"acf":[],"_links":{"self":[{"href":"https:\/\/www.cudecoop.coop\/cudecoop\/wp-json\/wp\/v2\/posts\/4603","targetHints":{"allow":["GET"]}}],"collection":[{"href":"https:\/\/www.cudecoop.coop\/cudecoop\/wp-json\/wp\/v2\/posts"}],"about":[{"href":"https:\/\/www.cudecoop.coop\/cudecoop\/wp-json\/wp\/v2\/types\/post"}],"author":[{"embeddable":true,"href":"https:\/\/www.cudecoop.coop\/cudecoop\/wp-json\/wp\/v2\/users\/27"}],"replies":[{"embeddable":true,"href":"https:\/\/www.cudecoop.coop\/cudecoop\/wp-json\/wp\/v2\/comments?post=4603"}],"version-history":[{"count":7,"href":"https:\/\/www.cudecoop.coop\/cudecoop\/wp-json\/wp\/v2\/posts\/4603\/revisions"}],"predecessor-version":[{"id":4627,"href":"https:\/\/www.cudecoop.coop\/cudecoop\/wp-json\/wp\/v2\/posts\/4603\/revisions\/4627"}],"wp:featuredmedia":[{"embeddable":true,"href":"https:\/\/www.cudecoop.coop\/cudecoop\/wp-json\/wp\/v2\/media\/4604"}],"wp:attachment":[{"href":"https:\/\/www.cudecoop.coop\/cudecoop\/wp-json\/wp\/v2\/media?parent=4603"}],"wp:term":[{"taxonomy":"category","embeddable":true,"href":"https:\/\/www.cudecoop.coop\/cudecoop\/wp-json\/wp\/v2\/categories?post=4603"},{"taxonomy":"post_tag","embeddable":true,"href":"https:\/\/www.cudecoop.coop\/cudecoop\/wp-json\/wp\/v2\/tags?post=4603"}],"curies":[{"name":"wp","href":"https:\/\/api.w.org\/{rel}","templated":true}]}}