{"id":4592,"date":"2024-08-20T18:50:34","date_gmt":"2024-08-20T18:50:34","guid":{"rendered":"https:\/\/www.cudecoop.coop\/cudecoop\/?p=4592"},"modified":"2024-11-04T17:50:18","modified_gmt":"2024-11-04T17:50:18","slug":"se-realizo-el-primer-encuentro-del-ciclo-de-presentacion-de-propuestas-programaticas-del-cooperativismo-a-presidenciables-con-pablo-mieres","status":"publish","type":"post","link":"https:\/\/www.cudecoop.coop\/cudecoop\/se-realizo-el-primer-encuentro-del-ciclo-de-presentacion-de-propuestas-programaticas-del-cooperativismo-a-presidenciables-con-pablo-mieres\/","title":{"rendered":"Se realiz\u00f3 el primer encuentro del Ciclo de presentaci\u00f3n de Propuestas Program\u00e1ticas del cooperativismo a presidenciables con Pablo Mieres"},"content":{"rendered":"<div dir=\"auto\">\n<p>El lunes 19 de agosto Pablo Mieres y equipo del Partido Independiente, visitaron la Casa del Cooperativismo para reunirse con las m\u00e1ximas autoridades del cooperativismo nacional, e intercambiar sobre las propuestas que el movimiento tiene para la agenda pol\u00edtica nacional.<\/p>\n<p>De la reuni\u00f3n participaron integrantes del Comit\u00e9 Ejecutivo y Consejo Directivo de Cudecoop, el candidato del Partido Independiente Pablo Mieres e integrantes de su equipo: Daniel P\u00e9rez, Andr\u00e9s Carrasco, Juan Pablo Dall\u2019Orso y \u00c1lvaro Ramos.<\/p>\n<p>Luego del intercambio, compartimos una entrevista en la que el candidato a la presidencia destac\u00f3 \u201cTenemos principios y valores similares (con el cooperativismo), el tema de la solidaridad y la econom\u00eda social nos involucran y nos unen al movimiento cooperativo. Tomamos nota y respondimos a una buena parte de los planteos que se hicieron por parte de Cudecoop registrando sinton\u00edas. Nos llevamos deberes y compromisos asumidos\u201d.<\/p>\n<\/div>\n<div dir=\"auto\">&nbsp;La entrevista completa se encuentra disponible <a href=\"https:\/\/www.youtube.com\/watch?v=7niH9ZhP45w\">aqu\u00ed<\/a>.<\/div>\n<div dir=\"auto\">&nbsp;<\/div>\n<div dir=\"auto\">\n<div dir=\"auto\">Esta fue la primera instancia del ciclo de intercambio, en el que los distintos candidatos a la presidencia nacional visitar\u00e1n la sede de Cudecoop.<\/div>\n<\/div>\n<div dir=\"auto\">&nbsp;<\/div>\n<div dir=\"auto\">\n<div class=\"col-10 offset-1 col-lg-8 offset-lg-0\">\n<article>\n<div class=\"justify-text\">\n<div dir=\"auto\"><a href=\"https:\/\/www.cudecoop.coop\/cudecoop\/9-ideas\/\">Aqu\u00ed<\/a>&nbsp;un resumen de las Propuestas Program\u00e1ticas del cooperativismo en 9 ideas.<\/div>\n<\/div>\n<\/article>\n<\/div>\n<\/div>\n","protected":false},"excerpt":{"rendered":"<p>El lunes 19 de agosto Pablo Mieres y equipo del Partido Independiente, visitaron la Casa del Cooperativismo para reunirse con las m\u00e1ximas autoridades del cooperativismo nacional, e intercambiar sobre las propuestas que el movimiento tiene para la agenda pol\u00edtica nacional. De la reuni\u00f3n participaron integrantes del Comit\u00e9 Ejecutivo y Consejo Directivo de Cudecoop, el candidato del Partido Independiente Pablo Mieres e integrantes de su equipo: Daniel P\u00e9rez, Andr\u00e9s Carrasco, Juan Pablo Dall\u2019Orso y \u00c1lvaro Ramos. Luego del intercambio, compartimos una entrevista en la que el candidato a la presidencia destac\u00f3 \u201cTenemos principios y valores similares (con el cooperativismo), el tema [&#8230;]<\/p>\n","protected":false},"author":27,"featured_media":0,"comment_status":"open","ping_status":"open","sticky":false,"template":"","format":"standard","meta":{"_acf_changed":false,"ngg_post_thumbnail":0,"footnotes":""},"categories":[7,6,1],"tags":[],"class_list":["post-4592","post","type-post","status-publish","format-standard","hentry","category-cooperativas","category-institucionales","category-noticias"],"acf":[],"_links":{"self":[{"href":"https:\/\/www.cudecoop.coop\/cudecoop\/wp-json\/wp\/v2\/posts\/4592","targetHints":{"allow":["GET"]}}],"collection":[{"href":"https:\/\/www.cudecoop.coop\/cudecoop\/wp-json\/wp\/v2\/posts"}],"about":[{"href":"https:\/\/www.cudecoop.coop\/cudecoop\/wp-json\/wp\/v2\/types\/post"}],"author":[{"embeddable":true,"href":"https:\/\/www.cudecoop.coop\/cudecoop\/wp-json\/wp\/v2\/users\/27"}],"replies":[{"embeddable":true,"href":"https:\/\/www.cudecoop.coop\/cudecoop\/wp-json\/wp\/v2\/comments?post=4592"}],"version-history":[{"count":5,"href":"https:\/\/www.cudecoop.coop\/cudecoop\/wp-json\/wp\/v2\/posts\/4592\/revisions"}],"predecessor-version":[{"id":4700,"href":"https:\/\/www.cudecoop.coop\/cudecoop\/wp-json\/wp\/v2\/posts\/4592\/revisions\/4700"}],"wp:attachment":[{"href":"https:\/\/www.cudecoop.coop\/cudecoop\/wp-json\/wp\/v2\/media?parent=4592"}],"wp:term":[{"taxonomy":"category","embeddable":true,"href":"https:\/\/www.cudecoop.coop\/cudecoop\/wp-json\/wp\/v2\/categories?post=4592"},{"taxonomy":"post_tag","embeddable":true,"href":"https:\/\/www.cudecoop.coop\/cudecoop\/wp-json\/wp\/v2\/tags?post=4592"}],"curies":[{"name":"wp","href":"https:\/\/api.w.org\/{rel}","templated":true}]}}