{"id":4583,"date":"2024-08-13T17:21:47","date_gmt":"2024-08-13T17:21:47","guid":{"rendered":"https:\/\/www.cudecoop.coop\/cudecoop\/?p=4583"},"modified":"2024-08-15T12:23:05","modified_gmt":"2024-08-15T12:23:05","slug":"comienza-este-lunes-19-de-agosto-el-ciclo-de-presentacion-de-propuestas-programaticas-del-cooperativismo-a-presidenciables-con-pablo-mieres","status":"publish","type":"post","link":"https:\/\/www.cudecoop.coop\/cudecoop\/comienza-este-lunes-19-de-agosto-el-ciclo-de-presentacion-de-propuestas-programaticas-del-cooperativismo-a-presidenciables-con-pablo-mieres\/","title":{"rendered":"Comienza este lunes 19 de agosto el Ciclo de presentaci\u00f3n de Propuestas Program\u00e1ticas del cooperativismo a presidenciables, con Pablo Mieres"},"content":{"rendered":"<div dir=\"auto\">Pablo Mieres y equipo del Partido Independiente, visitan la Casa del Cooperativismo este lunes 19 de agosto, para reunirse con las m\u00e1ximas autoridades del cooperativismo nacional, e intercambiar sobre las propuestas que el movimiento tiene para la agenda pol\u00edtica nacional.&nbsp;<\/div>\n<div dir=\"auto\">&nbsp;<\/div>\n<div dir=\"auto\">Este ser\u00e1 el primer encuentro de varios en los que los candidatos a la presidencia nacional visitar\u00e1n la sede de Cudecoop para intercambiar de primera mano con su dirigencia sobre la visi\u00f3n que este sector tiene para aportar al desarrollo sostenible del pa\u00eds.&nbsp;<\/div>\n<div dir=\"auto\">&nbsp;<\/div>\n<div dir=\"auto\">Invitamos a los medios de prensa interesados sobre este intercambio a acercarse a la Confederaci\u00f3n.<\/div>\n<div dir=\"auto\">&nbsp;<\/div>\n<div dir=\"auto\"><a href=\"https:\/\/www.cudecoop.coop\/cudecoop\/9-ideas\/\">Aqu\u00ed<\/a> un resumen de las Propuestas Program\u00e1ticas del cooperativismo en 9 ideas.<\/div>\n","protected":false},"excerpt":{"rendered":"<p>Pablo Mieres y equipo del Partido Independiente, visitan la Casa del Cooperativismo este lunes 19 de agosto, para reunirse con las m\u00e1ximas autoridades del cooperativismo nacional, e intercambiar sobre las propuestas que el movimiento tiene para la agenda pol\u00edtica nacional.&nbsp; &nbsp; Este ser\u00e1 el primer encuentro de varios en los que los candidatos a la presidencia nacional visitar\u00e1n la sede de Cudecoop para intercambiar de primera mano con su dirigencia sobre la visi\u00f3n que este sector tiene para aportar al desarrollo sostenible del pa\u00eds.&nbsp; &nbsp; Invitamos a los medios de prensa interesados sobre este intercambio a acercarse a la Confederaci\u00f3n. [&#8230;]<\/p>\n","protected":false},"author":27,"featured_media":4584,"comment_status":"open","ping_status":"open","sticky":false,"template":"","format":"standard","meta":{"_acf_changed":false,"ngg_post_thumbnail":0,"footnotes":""},"categories":[7,6,1],"tags":[],"class_list":["post-4583","post","type-post","status-publish","format-standard","has-post-thumbnail","hentry","category-cooperativas","category-institucionales","category-noticias"],"acf":[],"_links":{"self":[{"href":"https:\/\/www.cudecoop.coop\/cudecoop\/wp-json\/wp\/v2\/posts\/4583","targetHints":{"allow":["GET"]}}],"collection":[{"href":"https:\/\/www.cudecoop.coop\/cudecoop\/wp-json\/wp\/v2\/posts"}],"about":[{"href":"https:\/\/www.cudecoop.coop\/cudecoop\/wp-json\/wp\/v2\/types\/post"}],"author":[{"embeddable":true,"href":"https:\/\/www.cudecoop.coop\/cudecoop\/wp-json\/wp\/v2\/users\/27"}],"replies":[{"embeddable":true,"href":"https:\/\/www.cudecoop.coop\/cudecoop\/wp-json\/wp\/v2\/comments?post=4583"}],"version-history":[{"count":3,"href":"https:\/\/www.cudecoop.coop\/cudecoop\/wp-json\/wp\/v2\/posts\/4583\/revisions"}],"predecessor-version":[{"id":4590,"href":"https:\/\/www.cudecoop.coop\/cudecoop\/wp-json\/wp\/v2\/posts\/4583\/revisions\/4590"}],"wp:featuredmedia":[{"embeddable":true,"href":"https:\/\/www.cudecoop.coop\/cudecoop\/wp-json\/wp\/v2\/media\/4584"}],"wp:attachment":[{"href":"https:\/\/www.cudecoop.coop\/cudecoop\/wp-json\/wp\/v2\/media?parent=4583"}],"wp:term":[{"taxonomy":"category","embeddable":true,"href":"https:\/\/www.cudecoop.coop\/cudecoop\/wp-json\/wp\/v2\/categories?post=4583"},{"taxonomy":"post_tag","embeddable":true,"href":"https:\/\/www.cudecoop.coop\/cudecoop\/wp-json\/wp\/v2\/tags?post=4583"}],"curies":[{"name":"wp","href":"https:\/\/api.w.org\/{rel}","templated":true}]}}