{"id":4581,"date":"2024-08-13T17:12:56","date_gmt":"2024-08-13T17:12:56","guid":{"rendered":"https:\/\/www.cudecoop.coop\/cudecoop\/?p=4581"},"modified":"2024-08-13T19:37:35","modified_gmt":"2024-08-13T19:37:35","slug":"ciclo-de-formacion-para-ecas-y-consultores-procoop","status":"publish","type":"post","link":"https:\/\/www.cudecoop.coop\/cudecoop\/ciclo-de-formacion-para-ecas-y-consultores-procoop\/","title":{"rendered":"Ciclo de Formaci\u00f3n para Ecas y Consultores &#8211; PROCOOP"},"content":{"rendered":"<p>Como en anteriores ediciones, Inacoop y Cudecoop, convocaron a Entidades de Capacitaci\u00f3n (Ecas) y Consultores que ya trabajan o aspiran a ofrecer capacitaci\u00f3n y asistencia t\u00e9cnica a trav\u00e9s del Programa de Formaci\u00f3n Cooperativa (Procoop), a participar de un nuevo Ciclo de Formaci\u00f3n e Intercambio sobre el M\u00f3dulo Transversal de Cooperativismo.<\/p>\n<p>El proceso formativo, a cargo del \u00c1rea de Formaci\u00f3n de Cudecoop, se desarroll\u00f3 durante cinco semanas en las que trabaj\u00f3 sobre temas como: econom\u00eda social y cooperativismo, especificidad de la formaci\u00f3n cooperativa, el aprendizaje cooperativo y las t\u00e9cnicas participativas.&nbsp;<\/p>\n<p>En esta edici\u00f3n, por primera vez se incluy\u00f3 la tem\u00e1tica \u201cFormaci\u00f3n en entornos virtuales\u201d, con especial \u00e9nfasis en las potencialidades de esta metodolog\u00eda.<\/p>\n<p>Las instancias conjuntas continuar\u00e1n con quienes participaron para avanzar en diferentes intercambios.<\/p>\n","protected":false},"excerpt":{"rendered":"<p>Como en anteriores ediciones, Inacoop y Cudecoop, convocaron a Entidades de Capacitaci\u00f3n (Ecas) y Consultores que ya trabajan o aspiran a ofrecer capacitaci\u00f3n y asistencia t\u00e9cnica a trav\u00e9s del Programa de Formaci\u00f3n Cooperativa (Procoop), a participar de un nuevo Ciclo de Formaci\u00f3n e Intercambio sobre el M\u00f3dulo Transversal de Cooperativismo. El proceso formativo, a cargo del \u00c1rea de Formaci\u00f3n de Cudecoop, se desarroll\u00f3 durante cinco semanas en las que trabaj\u00f3 sobre temas como: econom\u00eda social y cooperativismo, especificidad de la formaci\u00f3n cooperativa, el aprendizaje cooperativo y las t\u00e9cnicas participativas.&nbsp; En esta edici\u00f3n, por primera vez se incluy\u00f3 la tem\u00e1tica \u201cFormaci\u00f3n [&#8230;]<\/p>\n","protected":false},"author":27,"featured_media":4587,"comment_status":"open","ping_status":"open","sticky":false,"template":"","format":"standard","meta":{"_acf_changed":false,"ngg_post_thumbnail":0,"footnotes":""},"categories":[7,6,1],"tags":[],"class_list":["post-4581","post","type-post","status-publish","format-standard","has-post-thumbnail","hentry","category-cooperativas","category-institucionales","category-noticias"],"acf":[],"_links":{"self":[{"href":"https:\/\/www.cudecoop.coop\/cudecoop\/wp-json\/wp\/v2\/posts\/4581","targetHints":{"allow":["GET"]}}],"collection":[{"href":"https:\/\/www.cudecoop.coop\/cudecoop\/wp-json\/wp\/v2\/posts"}],"about":[{"href":"https:\/\/www.cudecoop.coop\/cudecoop\/wp-json\/wp\/v2\/types\/post"}],"author":[{"embeddable":true,"href":"https:\/\/www.cudecoop.coop\/cudecoop\/wp-json\/wp\/v2\/users\/27"}],"replies":[{"embeddable":true,"href":"https:\/\/www.cudecoop.coop\/cudecoop\/wp-json\/wp\/v2\/comments?post=4581"}],"version-history":[{"count":3,"href":"https:\/\/www.cudecoop.coop\/cudecoop\/wp-json\/wp\/v2\/posts\/4581\/revisions"}],"predecessor-version":[{"id":4588,"href":"https:\/\/www.cudecoop.coop\/cudecoop\/wp-json\/wp\/v2\/posts\/4581\/revisions\/4588"}],"wp:featuredmedia":[{"embeddable":true,"href":"https:\/\/www.cudecoop.coop\/cudecoop\/wp-json\/wp\/v2\/media\/4587"}],"wp:attachment":[{"href":"https:\/\/www.cudecoop.coop\/cudecoop\/wp-json\/wp\/v2\/media?parent=4581"}],"wp:term":[{"taxonomy":"category","embeddable":true,"href":"https:\/\/www.cudecoop.coop\/cudecoop\/wp-json\/wp\/v2\/categories?post=4581"},{"taxonomy":"post_tag","embeddable":true,"href":"https:\/\/www.cudecoop.coop\/cudecoop\/wp-json\/wp\/v2\/tags?post=4581"}],"curies":[{"name":"wp","href":"https:\/\/api.w.org\/{rel}","templated":true}]}}