{"id":4531,"date":"2024-07-10T19:10:30","date_gmt":"2024-07-10T19:10:30","guid":{"rendered":"https:\/\/www.cudecoop.coop\/cudecoop\/?p=4531"},"modified":"2024-11-04T17:51:40","modified_gmt":"2024-11-04T17:51:40","slug":"se-celebro-el-dia-internacional-de-las-cooperativas-en-la-ciudad-de-colonia","status":"publish","type":"post","link":"https:\/\/www.cudecoop.coop\/cudecoop\/se-celebro-el-dia-internacional-de-las-cooperativas-en-la-ciudad-de-colonia\/","title":{"rendered":"Se celebr\u00f3 el D\u00eda Internacional de las Cooperativas en la Ciudad de Colonia"},"content":{"rendered":"<p>El s\u00e1bado 6 de julio se celebr\u00f3 en Colonia, el D\u00eda Internacional de las Cooperativas.<\/p>\n<p>Participaron de la mesa de autoridades Mario Arizti, ministro de Trabajo; Cristina Otero, Secretaria de la Intendencia de Colonia;&nbsp; Andr\u00e9s Carrasco, vicepresidente de INACOOP; Alicia Maneiro, presidenta Cudecoop; y Jos\u00e9 Clavell, representante de la Mesa Intercooperativa de Colonia.<\/p>\n<p>Durante la jornada la Presidenta de Cudecoop, present\u00f3 por primera vez las Propuestas Program\u00e1ticas del cooperativismo a candidatos presidenciables, material en el que se trabaj\u00f3 conjuntamente en todo el territorio nacional. Documentos disponibles <a href=\"https:\/\/www.cudecoop.coop\/cudecoop\/biblioteca\/#section364\">aqu\u00ed<\/a>.&nbsp;<\/p>\n<p>Mario Arizti en su participaci\u00f3n concluy\u00f3 que &#8220;Con una mirada del pasado y con una mirada clara del futuro, el movimiento cooperativo va a seguir tan vigente y tan fuerte como lo ha sido desde 1870 con el primer intento de cooperaci\u00f3n&#8221;.<\/p>\n<p>Por su parte Andr\u00e9s Carrasco resalt\u00f3 las acciones del Instituto Nacional del Cooperativismo y mencion\u00f3 &#8220;El mercado y las sociedades reclaman que se debe actuar y las empresas cooperativas est\u00e1n a la altura de las circunstancias por tres puntos claves que las cooperativas tienen en sus genes: el inter\u00e9s social, el inter\u00e9s ambiental y el inter\u00e9s econ\u00f3mico. Las empresas cooperativas tienen que poner esas virtudes como propuesta de valor para salir a competir en un mercado que es duro pero brinda oportunidades \u00fanicas para el cooperativismo&#8221;<\/p>\n<p>Desde la Intendencia de Colonia, en voz de Cristina Otero, se dio la bienvenida y destac\u00f3 la participaci\u00f3n de representantes de distintas partes del pa\u00eds &#8220;Nos enorgullece ser la capital del cooperativismo 2024&#8230; Colonia es un Departamento que se caracteriza por el n\u00famero tan importante de cooperativas que tiene en sus 14 localidades&#8221;, tambi\u00e9n alent\u00f3 a que se sigan formando cooperativas en el Departamento.<\/p>\n<p>Alicia Maneiro destac\u00f3 &#8220;Somos una alternativa v\u00e1lida en la b\u00fasqueda de la formalizaci\u00f3n para trabajadoras y trabajadores&#8230; Tenemos que pensar que tenemos un futuro desafiante, un mundo globalizado cambiante y no podemos quedarnos atr\u00e1s. Nuestras empresas buscan la equidad, la inclusi\u00f3n de g\u00e9nero y la inclusi\u00f3n de generaciones&#8230; Es importante defender lo que nuestras cooperativas necesitan para seguir creciendo &#8221; La actividad fue transmitida en vivo y se encuentra disponible <a href=\"https:\/\/www.youtube.com\/watch?v=OHFH3ntDADM\">aqu\u00ed<\/a>.&nbsp;<\/p>\n<p>Jos\u00e9 Clavell, en representaci\u00f3n de la Mesa Intercooperativa de Colonia record\u00f3 y valor\u00f3&nbsp; la visi\u00f3n de futuro que ten\u00edan los cooperativistas que dieron origen al movimiento &#8220;pensar en las personas, tener la visi\u00f3n de que unidos era la forma de salir adelante y cooperar: cooperar entre las personas y entre las diferentes clases coooperativas. Lo fundamental es la intercooperaci\u00f3n&#8221;, tambi\u00e9n hizo menci\u00f3n a las casi 50 cooperativas que integran la Mesa Intercooperativa del Departamento.&nbsp;<\/p>\n<p>Las actividades, realizadas en el Teatro Basti\u00f3n del Carmen,&nbsp; contaron con la presencia de casi 300 participantes, entre los cuales destacamos la participaci\u00f3n de referentes locales y nacionales del movimiento cooperativo y cooperativistas de distintas partes del pa\u00eds.&nbsp;<\/p>\n<p>Tambi\u00e9n se expuso la muestra de fotos &#8220;Las cooperativas construyen un futuro mejor para todas las personas&#8221;, en&nbsp; referencia al lema internacional de la celebraci\u00f3n de este a\u00f1o, en la que se destaca y muestra diversidad de cooperativas y sociedades de fomento rural de Colonia, Capital Nacional del Cooperativismo 2024; esta exposici\u00f3n permaneci\u00f3 abierta al p\u00fablico en instalaciones del Basti\u00f3n del Carmen y acompa\u00f1ar\u00e1 futuras actividades locales. La versi\u00f3n digital se encuentra disponible <a href=\"https:\/\/www.instagram.com\/cudecoop\/\">aqu\u00ed<\/a>.&nbsp;<\/p>\n","protected":false},"excerpt":{"rendered":"<p>El s\u00e1bado 6 de julio se celebr\u00f3 en Colonia, el D\u00eda Internacional de las Cooperativas. Participaron de la mesa de autoridades Mario Arizti, ministro de Trabajo; Cristina Otero, Secretaria de la Intendencia de Colonia;&nbsp; Andr\u00e9s Carrasco, vicepresidente de INACOOP; Alicia Maneiro, presidenta Cudecoop; y Jos\u00e9 Clavell, representante de la Mesa Intercooperativa de Colonia. Durante la jornada la Presidenta de Cudecoop, present\u00f3 por primera vez las Propuestas Program\u00e1ticas del cooperativismo a candidatos presidenciables, material en el que se trabaj\u00f3 conjuntamente en todo el territorio nacional. Documentos disponibles aqu\u00ed.&nbsp; Mario Arizti en su participaci\u00f3n concluy\u00f3 que &#8220;Con una mirada del pasado y [&#8230;]<\/p>\n","protected":false},"author":27,"featured_media":4549,"comment_status":"open","ping_status":"open","sticky":false,"template":"","format":"standard","meta":{"_acf_changed":false,"ngg_post_thumbnail":0,"footnotes":""},"categories":[7,6,1],"tags":[],"class_list":["post-4531","post","type-post","status-publish","format-standard","has-post-thumbnail","hentry","category-cooperativas","category-institucionales","category-noticias"],"acf":[],"_links":{"self":[{"href":"https:\/\/www.cudecoop.coop\/cudecoop\/wp-json\/wp\/v2\/posts\/4531","targetHints":{"allow":["GET"]}}],"collection":[{"href":"https:\/\/www.cudecoop.coop\/cudecoop\/wp-json\/wp\/v2\/posts"}],"about":[{"href":"https:\/\/www.cudecoop.coop\/cudecoop\/wp-json\/wp\/v2\/types\/post"}],"author":[{"embeddable":true,"href":"https:\/\/www.cudecoop.coop\/cudecoop\/wp-json\/wp\/v2\/users\/27"}],"replies":[{"embeddable":true,"href":"https:\/\/www.cudecoop.coop\/cudecoop\/wp-json\/wp\/v2\/comments?post=4531"}],"version-history":[{"count":6,"href":"https:\/\/www.cudecoop.coop\/cudecoop\/wp-json\/wp\/v2\/posts\/4531\/revisions"}],"predecessor-version":[{"id":4554,"href":"https:\/\/www.cudecoop.coop\/cudecoop\/wp-json\/wp\/v2\/posts\/4531\/revisions\/4554"}],"wp:featuredmedia":[{"embeddable":true,"href":"https:\/\/www.cudecoop.coop\/cudecoop\/wp-json\/wp\/v2\/media\/4549"}],"wp:attachment":[{"href":"https:\/\/www.cudecoop.coop\/cudecoop\/wp-json\/wp\/v2\/media?parent=4531"}],"wp:term":[{"taxonomy":"category","embeddable":true,"href":"https:\/\/www.cudecoop.coop\/cudecoop\/wp-json\/wp\/v2\/categories?post=4531"},{"taxonomy":"post_tag","embeddable":true,"href":"https:\/\/www.cudecoop.coop\/cudecoop\/wp-json\/wp\/v2\/tags?post=4531"}],"curies":[{"name":"wp","href":"https:\/\/api.w.org\/{rel}","templated":true}]}}