{"id":4530,"date":"2024-07-05T22:24:37","date_gmt":"2024-07-05T22:24:37","guid":{"rendered":"https:\/\/www.cudecoop.coop\/cudecoop\/?p=4530"},"modified":"2024-07-31T18:38:39","modified_gmt":"2024-07-31T18:38:39","slug":"dia-internacional-de-las-cooperativas-2024-2","status":"publish","type":"post","link":"https:\/\/www.cudecoop.coop\/cudecoop\/dia-internacional-de-las-cooperativas-2024-2\/","title":{"rendered":"D\u00eda Internacional de las Cooperativas 2024"},"content":{"rendered":"<p><strong>Las cooperativas construyen un futuro mejor para todas las personas<\/strong><\/p>\n<p>En este D\u00eda Internacional de las Cooperativas, el movimiento cooperativo uruguayo expresa a la ciudadan\u00eda nacional la importancia de seguir construyendo las oportunidades para el sector a trav\u00e9s de las Propuestas program\u00e1ticas del cooperativismo a los partidos pol\u00edticos.&nbsp;<\/p>\n","protected":false},"excerpt":{"rendered":"<p>Las cooperativas construyen un futuro mejor para todas las personas En este D\u00eda Internacional de las Cooperativas, el movimiento cooperativo uruguayo expresa a la ciudadan\u00eda nacional la importancia de seguir construyendo las oportunidades para el sector a trav\u00e9s de las Propuestas program\u00e1ticas del cooperativismo a los partidos [&#8230;]<\/p>\n","protected":false},"author":27,"featured_media":4532,"comment_status":"open","ping_status":"open","sticky":false,"template":"","format":"standard","meta":{"_acf_changed":false,"ngg_post_thumbnail":0,"footnotes":""},"categories":[7,6,1],"tags":[],"class_list":["post-4530","post","type-post","status-publish","format-standard","has-post-thumbnail","hentry","category-cooperativas","category-institucionales","category-noticias"],"acf":[],"_links":{"self":[{"href":"https:\/\/www.cudecoop.coop\/cudecoop\/wp-json\/wp\/v2\/posts\/4530","targetHints":{"allow":["GET"]}}],"collection":[{"href":"https:\/\/www.cudecoop.coop\/cudecoop\/wp-json\/wp\/v2\/posts"}],"about":[{"href":"https:\/\/www.cudecoop.coop\/cudecoop\/wp-json\/wp\/v2\/types\/post"}],"author":[{"embeddable":true,"href":"https:\/\/www.cudecoop.coop\/cudecoop\/wp-json\/wp\/v2\/users\/27"}],"replies":[{"embeddable":true,"href":"https:\/\/www.cudecoop.coop\/cudecoop\/wp-json\/wp\/v2\/comments?post=4530"}],"version-history":[{"count":1,"href":"https:\/\/www.cudecoop.coop\/cudecoop\/wp-json\/wp\/v2\/posts\/4530\/revisions"}],"predecessor-version":[{"id":4533,"href":"https:\/\/www.cudecoop.coop\/cudecoop\/wp-json\/wp\/v2\/posts\/4530\/revisions\/4533"}],"wp:featuredmedia":[{"embeddable":true,"href":"https:\/\/www.cudecoop.coop\/cudecoop\/wp-json\/wp\/v2\/media\/4532"}],"wp:attachment":[{"href":"https:\/\/www.cudecoop.coop\/cudecoop\/wp-json\/wp\/v2\/media?parent=4530"}],"wp:term":[{"taxonomy":"category","embeddable":true,"href":"https:\/\/www.cudecoop.coop\/cudecoop\/wp-json\/wp\/v2\/categories?post=4530"},{"taxonomy":"post_tag","embeddable":true,"href":"https:\/\/www.cudecoop.coop\/cudecoop\/wp-json\/wp\/v2\/tags?post=4530"}],"curies":[{"name":"wp","href":"https:\/\/api.w.org\/{rel}","templated":true}]}}