{"id":4517,"date":"2024-06-28T17:52:04","date_gmt":"2024-06-28T17:52:04","guid":{"rendered":"https:\/\/www.cudecoop.coop\/cudecoop\/?p=4517"},"modified":"2024-06-28T17:52:04","modified_gmt":"2024-06-28T17:52:04","slug":"asamblea-general-ordinaria-de-cudecoop-3","status":"publish","type":"post","link":"https:\/\/www.cudecoop.coop\/cudecoop\/asamblea-general-ordinaria-de-cudecoop-3\/","title":{"rendered":"Asamblea General Ordinaria de Cudecoop"},"content":{"rendered":"<div class=\"xdj266r x11i5rnm xat24cr x1mh8g0r x1vvkbs x126k92a\">\n<div dir=\"auto\">Este martes 25 de junio se realiz\u00f3 la Asamblea General Ordinaria de Cudecoop.<\/div>\n<\/div>\n<div class=\"x11i5rnm xat24cr x1mh8g0r x1vvkbs xtlvy1s x126k92a\">\n<div dir=\"auto\">La sesi\u00f3n cont\u00f3 con la presencia de representantes de las organizaciones socias de la Confederaci\u00f3n, quienes aprobaron el balance y la memoria anual del ejercicio 2023.<\/div>\n<\/div>\n","protected":false},"excerpt":{"rendered":"<p>Este martes 25 de junio se realiz\u00f3 la Asamblea General Ordinaria de Cudecoop. La sesi\u00f3n cont\u00f3 con la presencia de representantes de las organizaciones socias de la Confederaci\u00f3n, quienes aprobaron el balance y la memoria anual del ejercicio [&#8230;]<\/p>\n","protected":false},"author":27,"featured_media":4519,"comment_status":"open","ping_status":"open","sticky":false,"template":"","format":"standard","meta":{"_acf_changed":false,"ngg_post_thumbnail":0,"footnotes":""},"categories":[7,6,1],"tags":[],"class_list":["post-4517","post","type-post","status-publish","format-standard","has-post-thumbnail","hentry","category-cooperativas","category-institucionales","category-noticias"],"acf":[],"_links":{"self":[{"href":"https:\/\/www.cudecoop.coop\/cudecoop\/wp-json\/wp\/v2\/posts\/4517","targetHints":{"allow":["GET"]}}],"collection":[{"href":"https:\/\/www.cudecoop.coop\/cudecoop\/wp-json\/wp\/v2\/posts"}],"about":[{"href":"https:\/\/www.cudecoop.coop\/cudecoop\/wp-json\/wp\/v2\/types\/post"}],"author":[{"embeddable":true,"href":"https:\/\/www.cudecoop.coop\/cudecoop\/wp-json\/wp\/v2\/users\/27"}],"replies":[{"embeddable":true,"href":"https:\/\/www.cudecoop.coop\/cudecoop\/wp-json\/wp\/v2\/comments?post=4517"}],"version-history":[{"count":1,"href":"https:\/\/www.cudecoop.coop\/cudecoop\/wp-json\/wp\/v2\/posts\/4517\/revisions"}],"predecessor-version":[{"id":4520,"href":"https:\/\/www.cudecoop.coop\/cudecoop\/wp-json\/wp\/v2\/posts\/4517\/revisions\/4520"}],"wp:featuredmedia":[{"embeddable":true,"href":"https:\/\/www.cudecoop.coop\/cudecoop\/wp-json\/wp\/v2\/media\/4519"}],"wp:attachment":[{"href":"https:\/\/www.cudecoop.coop\/cudecoop\/wp-json\/wp\/v2\/media?parent=4517"}],"wp:term":[{"taxonomy":"category","embeddable":true,"href":"https:\/\/www.cudecoop.coop\/cudecoop\/wp-json\/wp\/v2\/categories?post=4517"},{"taxonomy":"post_tag","embeddable":true,"href":"https:\/\/www.cudecoop.coop\/cudecoop\/wp-json\/wp\/v2\/tags?post=4517"}],"curies":[{"name":"wp","href":"https:\/\/api.w.org\/{rel}","templated":true}]}}