{"id":4512,"date":"2024-06-24T21:03:52","date_gmt":"2024-06-24T21:03:52","guid":{"rendered":"https:\/\/www.cudecoop.coop\/cudecoop\/?p=4512"},"modified":"2024-06-24T21:03:52","modified_gmt":"2024-06-24T21:03:52","slug":"lxvii-reunion-especializada-de-cooperativas-del-mercosur","status":"publish","type":"post","link":"https:\/\/www.cudecoop.coop\/cudecoop\/lxvii-reunion-especializada-de-cooperativas-del-mercosur\/","title":{"rendered":"LXVII Reuni\u00f3n Especializada de Cooperativas del Mercosur"},"content":{"rendered":"<p>Entre los d\u00edas 19 y 20 de junio se llev\u00f3 a cavo la LXVII Reuni\u00f3n Especializada de Cooperativas del Mercosur en Asunci\u00f3n del Paraguay.&nbsp;<\/p>\n<p>Participaron de forma presencial y virtual, representantes de Argentina, Brasil, Uruguay y Paraguay.&nbsp;Por nuestro pa\u00eds&nbsp; estuvieron presentes la presidenta de Cudecoop,&nbsp; Alicia Maneiro y el presidenta de Inacoop, Mart\u00edn Fern\u00e1ndez.&nbsp;<\/p>\n<p>En el marco de la actividad se visitaron experiencias cooperativas, entre ellas Colonias Unidas, Cencoprod, y el frigor\u00edfico Neuland; al final de las jornadas, Paraguay le transfiri\u00f3 la presidencia pro tempore a Uruguay, que fue asumida por el Instituto Nacional del Cooperativismo.&nbsp;<\/p>\n<p>Se eval\u00faa que la primera sesi\u00f3n llevada adelante por la presidencia en Uruguay se realice en agosto pr\u00f3ximo en formato virtual y para cerrar el a\u00f1o se realice el siguiente encuentro en noviembre en formato presencial.&nbsp;<\/p>\n","protected":false},"excerpt":{"rendered":"<p>Entre los d\u00edas 19 y 20 de junio se llev\u00f3 a cavo la LXVII Reuni\u00f3n Especializada de Cooperativas del Mercosur en Asunci\u00f3n del Paraguay.&nbsp; Participaron de forma presencial y virtual, representantes de Argentina, Brasil, Uruguay y Paraguay.&nbsp;Por nuestro pa\u00eds&nbsp; estuvieron presentes la presidenta de Cudecoop,&nbsp; Alicia Maneiro y el presidenta de Inacoop, Mart\u00edn Fern\u00e1ndez.&nbsp; En el marco de la actividad se visitaron experiencias cooperativas, entre ellas Colonias Unidas, Cencoprod, y el frigor\u00edfico Neuland; al final de las jornadas, Paraguay le transfiri\u00f3 la presidencia pro tempore a Uruguay, que fue asumida por el Instituto Nacional del Cooperativismo.&nbsp; Se eval\u00faa que la [&#8230;]<\/p>\n","protected":false},"author":27,"featured_media":4514,"comment_status":"open","ping_status":"open","sticky":false,"template":"","format":"standard","meta":{"_acf_changed":false,"ngg_post_thumbnail":0,"footnotes":""},"categories":[7,6,1],"tags":[],"class_list":["post-4512","post","type-post","status-publish","format-standard","has-post-thumbnail","hentry","category-cooperativas","category-institucionales","category-noticias"],"acf":[],"_links":{"self":[{"href":"https:\/\/www.cudecoop.coop\/cudecoop\/wp-json\/wp\/v2\/posts\/4512","targetHints":{"allow":["GET"]}}],"collection":[{"href":"https:\/\/www.cudecoop.coop\/cudecoop\/wp-json\/wp\/v2\/posts"}],"about":[{"href":"https:\/\/www.cudecoop.coop\/cudecoop\/wp-json\/wp\/v2\/types\/post"}],"author":[{"embeddable":true,"href":"https:\/\/www.cudecoop.coop\/cudecoop\/wp-json\/wp\/v2\/users\/27"}],"replies":[{"embeddable":true,"href":"https:\/\/www.cudecoop.coop\/cudecoop\/wp-json\/wp\/v2\/comments?post=4512"}],"version-history":[{"count":1,"href":"https:\/\/www.cudecoop.coop\/cudecoop\/wp-json\/wp\/v2\/posts\/4512\/revisions"}],"predecessor-version":[{"id":4515,"href":"https:\/\/www.cudecoop.coop\/cudecoop\/wp-json\/wp\/v2\/posts\/4512\/revisions\/4515"}],"wp:featuredmedia":[{"embeddable":true,"href":"https:\/\/www.cudecoop.coop\/cudecoop\/wp-json\/wp\/v2\/media\/4514"}],"wp:attachment":[{"href":"https:\/\/www.cudecoop.coop\/cudecoop\/wp-json\/wp\/v2\/media?parent=4512"}],"wp:term":[{"taxonomy":"category","embeddable":true,"href":"https:\/\/www.cudecoop.coop\/cudecoop\/wp-json\/wp\/v2\/categories?post=4512"},{"taxonomy":"post_tag","embeddable":true,"href":"https:\/\/www.cudecoop.coop\/cudecoop\/wp-json\/wp\/v2\/tags?post=4512"}],"curies":[{"name":"wp","href":"https:\/\/api.w.org\/{rel}","templated":true}]}}