{"id":4508,"date":"2024-06-24T17:58:58","date_gmt":"2024-06-24T17:58:58","guid":{"rendered":"https:\/\/www.cudecoop.coop\/cudecoop\/?p=4508"},"modified":"2024-07-31T18:39:06","modified_gmt":"2024-07-31T18:39:06","slug":"dia-internacional-de-las-cooperativas-2024","status":"publish","type":"post","link":"https:\/\/www.cudecoop.coop\/cudecoop\/dia-internacional-de-las-cooperativas-2024\/","title":{"rendered":"D\u00eda Internacional de las Cooperativas 2024"},"content":{"rendered":"<p>Tenemos el agrado de invitarles a la celebraci\u00f3n del D\u00eda Internacional de las Cooperativas que se realizar\u00e1 en Colonia del Sacramento, Capital Nacional del Cooperativismo 2024.&nbsp;<\/p>\n<p>En esta instancia, Cudecoop presentar\u00e1 las Propuestas Program\u00e1ticas del Cooperativismo 2024 a los candidatos presidenciables.&nbsp;<\/p>\n<p>Participar\u00e1n Alicia Maneiro, presidenta de Cudecoop; Mart\u00edn Fern\u00e1ndez, presidente de Inacoop; autoridades nacionales y departamentales y representantes de las organizaciones cooperativas.&nbsp;<\/p>\n<p>S\u00e1bado 6 de julio &#8211; 10:00 hs.&nbsp;<\/p>\n<p>Centro Cultural Basti\u00f3n del Carmen (Rivadavia 223, Colonia del Sacramento)<\/p>\n","protected":false},"excerpt":{"rendered":"<p>Tenemos el agrado de invitarles a la celebraci\u00f3n del D\u00eda Internacional de las Cooperativas que se realizar\u00e1 en Colonia del Sacramento, Capital Nacional del Cooperativismo 2024.&nbsp; En esta instancia, Cudecoop presentar\u00e1 las Propuestas Program\u00e1ticas del Cooperativismo 2024 a los candidatos presidenciables.&nbsp; Participar\u00e1n Alicia Maneiro, presidenta de Cudecoop; Mart\u00edn Fern\u00e1ndez, presidente de Inacoop; autoridades nacionales y departamentales y representantes de las organizaciones cooperativas.&nbsp; S\u00e1bado 6 de julio &#8211; 10:00 hs.&nbsp; Centro Cultural Basti\u00f3n del Carmen (Rivadavia 223, Colonia del [&#8230;]<\/p>\n","protected":false},"author":27,"featured_media":0,"comment_status":"open","ping_status":"open","sticky":false,"template":"","format":"standard","meta":{"_acf_changed":false,"ngg_post_thumbnail":0,"footnotes":""},"categories":[7,6,1],"tags":[],"class_list":["post-4508","post","type-post","status-publish","format-standard","hentry","category-cooperativas","category-institucionales","category-noticias"],"acf":[],"_links":{"self":[{"href":"https:\/\/www.cudecoop.coop\/cudecoop\/wp-json\/wp\/v2\/posts\/4508","targetHints":{"allow":["GET"]}}],"collection":[{"href":"https:\/\/www.cudecoop.coop\/cudecoop\/wp-json\/wp\/v2\/posts"}],"about":[{"href":"https:\/\/www.cudecoop.coop\/cudecoop\/wp-json\/wp\/v2\/types\/post"}],"author":[{"embeddable":true,"href":"https:\/\/www.cudecoop.coop\/cudecoop\/wp-json\/wp\/v2\/users\/27"}],"replies":[{"embeddable":true,"href":"https:\/\/www.cudecoop.coop\/cudecoop\/wp-json\/wp\/v2\/comments?post=4508"}],"version-history":[{"count":2,"href":"https:\/\/www.cudecoop.coop\/cudecoop\/wp-json\/wp\/v2\/posts\/4508\/revisions"}],"predecessor-version":[{"id":4511,"href":"https:\/\/www.cudecoop.coop\/cudecoop\/wp-json\/wp\/v2\/posts\/4508\/revisions\/4511"}],"wp:attachment":[{"href":"https:\/\/www.cudecoop.coop\/cudecoop\/wp-json\/wp\/v2\/media?parent=4508"}],"wp:term":[{"taxonomy":"category","embeddable":true,"href":"https:\/\/www.cudecoop.coop\/cudecoop\/wp-json\/wp\/v2\/categories?post=4508"},{"taxonomy":"post_tag","embeddable":true,"href":"https:\/\/www.cudecoop.coop\/cudecoop\/wp-json\/wp\/v2\/tags?post=4508"}],"curies":[{"name":"wp","href":"https:\/\/api.w.org\/{rel}","templated":true}]}}