{"id":4490,"date":"2024-05-27T18:35:37","date_gmt":"2024-05-27T18:35:37","guid":{"rendered":"https:\/\/www.cudecoop.coop\/cudecoop\/?p=4490"},"modified":"2024-05-27T18:49:37","modified_gmt":"2024-05-27T18:49:37","slug":"se-realizo-un-encuentro-regional-de-cooperativas-en-treinta-y-tres","status":"publish","type":"post","link":"https:\/\/www.cudecoop.coop\/cudecoop\/se-realizo-un-encuentro-regional-de-cooperativas-en-treinta-y-tres\/","title":{"rendered":"Se realiz\u00f3 un encuentro regional de cooperativas en Treinta y Tres"},"content":{"rendered":"<p>Con motivo de analizar y realizar las Propuestas Program\u00e1ticas del cooperativismo a los partidos pol\u00edticos, este s\u00e1bado 25 de mayo, se reunieron en Treinta y Tres alrededor de 45 cooperativistas representantes de las Mesas Intercooperativas de los departamentos de Cerro Largo, Maldonado y de la localidad anfitriona, Treinta y Tres.&nbsp;<\/p>\n<p>Este encuentro, enmarcado en el Programa de Desarrollo Territorial, tuvo la apertura a cargo de representantes de la Mesa Intercooperativa de Treinta y Tres; del tesorero de Cudecoop, Freddy Rondan; y la presidenta de Cudecoop, Alicia Maneiro.&nbsp;<\/p>\n<p>El encuentro, realizado en el marco del Literal \u00d1 del Instituto Nacional de Empleo y Formaci\u00f3n Profesional, INEFOP, se realiz\u00f3 en formato de talleres lo cual permiti\u00f3 recoger las necesidades e inquietudes de las cooperativas en los distintos territorios. Estos aportes son insumos para seguir continuar con la elaboraci\u00f3n de las propuestas program\u00e1ticas a para presentar a los distintos partidos pol\u00edticos en el marco de la campa\u00f1a electoral, desde el rol de Cudeocop de representaci\u00f3n de todo el movimiento cooperativo a nivel nacional.&nbsp;<\/p>\n<p>Agradecemos especialmente al Centro Universitario Regional Este (CURE) sede Treinta y Tres, por el espacio y el apoyo brindado a trav\u00e9s de su directora local Silvana Gianoni y la asistente acad\u00e9mica Cecilia Ois.&nbsp;<\/p>\n<p>&nbsp;<\/p>\n<p>&nbsp;<\/p>\n","protected":false},"excerpt":{"rendered":"<p>Con motivo de analizar y realizar las Propuestas Program\u00e1ticas del cooperativismo a los partidos pol\u00edticos, este s\u00e1bado 25 de mayo, se reunieron en Treinta y Tres alrededor de 45 cooperativistas representantes de las Mesas Intercooperativas de los departamentos de Cerro Largo, Maldonado y de la localidad anfitriona, Treinta y Tres.&nbsp; Este encuentro, enmarcado en el Programa de Desarrollo Territorial, tuvo la apertura a cargo de representantes de la Mesa Intercooperativa de Treinta y Tres; del tesorero de Cudecoop, Freddy Rondan; y la presidenta de Cudecoop, Alicia Maneiro.&nbsp; El encuentro, realizado en el marco del Literal \u00d1 del Instituto Nacional de [&#8230;]<\/p>\n","protected":false},"author":27,"featured_media":4492,"comment_status":"open","ping_status":"open","sticky":false,"template":"","format":"standard","meta":{"_acf_changed":false,"ngg_post_thumbnail":0,"footnotes":""},"categories":[7,6,1],"tags":[],"class_list":["post-4490","post","type-post","status-publish","format-standard","has-post-thumbnail","hentry","category-cooperativas","category-institucionales","category-noticias"],"acf":[],"_links":{"self":[{"href":"https:\/\/www.cudecoop.coop\/cudecoop\/wp-json\/wp\/v2\/posts\/4490","targetHints":{"allow":["GET"]}}],"collection":[{"href":"https:\/\/www.cudecoop.coop\/cudecoop\/wp-json\/wp\/v2\/posts"}],"about":[{"href":"https:\/\/www.cudecoop.coop\/cudecoop\/wp-json\/wp\/v2\/types\/post"}],"author":[{"embeddable":true,"href":"https:\/\/www.cudecoop.coop\/cudecoop\/wp-json\/wp\/v2\/users\/27"}],"replies":[{"embeddable":true,"href":"https:\/\/www.cudecoop.coop\/cudecoop\/wp-json\/wp\/v2\/comments?post=4490"}],"version-history":[{"count":1,"href":"https:\/\/www.cudecoop.coop\/cudecoop\/wp-json\/wp\/v2\/posts\/4490\/revisions"}],"predecessor-version":[{"id":4491,"href":"https:\/\/www.cudecoop.coop\/cudecoop\/wp-json\/wp\/v2\/posts\/4490\/revisions\/4491"}],"wp:featuredmedia":[{"embeddable":true,"href":"https:\/\/www.cudecoop.coop\/cudecoop\/wp-json\/wp\/v2\/media\/4492"}],"wp:attachment":[{"href":"https:\/\/www.cudecoop.coop\/cudecoop\/wp-json\/wp\/v2\/media?parent=4490"}],"wp:term":[{"taxonomy":"category","embeddable":true,"href":"https:\/\/www.cudecoop.coop\/cudecoop\/wp-json\/wp\/v2\/categories?post=4490"},{"taxonomy":"post_tag","embeddable":true,"href":"https:\/\/www.cudecoop.coop\/cudecoop\/wp-json\/wp\/v2\/tags?post=4490"}],"curies":[{"name":"wp","href":"https:\/\/api.w.org\/{rel}","templated":true}]}}