{"id":4485,"date":"2024-05-14T15:08:03","date_gmt":"2024-05-14T15:08:03","guid":{"rendered":"https:\/\/www.cudecoop.coop\/cudecoop\/?p=4485"},"modified":"2024-08-21T18:24:12","modified_gmt":"2024-08-21T18:24:12","slug":"intercambio-regional-de-espacios-y-comisiones-de-genero","status":"publish","type":"post","link":"https:\/\/www.cudecoop.coop\/cudecoop\/intercambio-regional-de-espacios-y-comisiones-de-genero\/","title":{"rendered":"Intercambio regional de Espacios y Comisiones de G\u00e9nero"},"content":{"rendered":"<p>El pasado s\u00e1bado 11 de mayo, en instalaciones de la Unidad Cooperaria N\u00b01 &#8211; Colol\u00f3, en el departamento de Soriano, se llev\u00f3 a cabo un encuentro entre&nbsp; representantes de los Espacios y Comisiones de G\u00e9nero de&nbsp;las Mesas Intercooperativas de&nbsp;Salto, Paysand\u00fa y Soriano.&nbsp;&nbsp;<\/p>\n<p>En esta jornada, de la que participaron casi 20 mujeres cooperativistas, se trabaj\u00f3 sobre las fortalezas de cada grupo y Departamento en temas de g\u00e9nero y agenda, se plantearon y compartieron las necesidades de cada Espacio o Comisi\u00f3n e intercambiaron sobre sus proyectos o iniciativas para lo que resta del 2024.&nbsp;<\/p>\n<p>Durante el encuentro se realiz\u00f3 el taller &#8220;empoderamiento femenino a trav\u00e9s del liderazgo y la colaboraci\u00f3n&#8221; a cargo de la Lic. Luc\u00eda Fern\u00e1ndez, mentora y especialista en educaci\u00f3n emocional, con el fin de empoderar a las participantes, mediante herramientas pr\u00e1cticas, para que puedan liderar y contribuir positivamente en sus cooperativas. Desde los enfoques vivenciales y l\u00fadicos, las presentes realizaron diferentes actividades pr\u00e1cticas tanto de forma individual como grupal con una gran participaci\u00f3n activa que potenci\u00f3 los intercambios.&nbsp;<\/p>\n<p>Al cierre, y continuando con el objetivo de promover la igualdad de g\u00e9nero y la participaci\u00f3n activa de las mujeres en roles de liderazgo, se mencionaron conceptos como empoderamiento y autonom\u00eda econ\u00f3mica, temas que ser\u00e1n puntapi\u00e9 inicial de nuevos encuentros, especialmente el Encuentro Nacional de G\u00e9nero que se realizar\u00e1 en Colonia en noviembre del presente a\u00f1o.<\/p>\n<p>Este encuentro se realiz\u00f3 con el apoyo de&nbsp;programa RIDE \u201cLiderazgo cooperativa con perspectiva de g\u00e9nero\u201d a cargo de FCPU y Cudecoop, con financiamiento de INEFOP.&nbsp;<\/p>\n","protected":false},"excerpt":{"rendered":"<p>El pasado s\u00e1bado 11 de mayo, en instalaciones de la Unidad Cooperaria N\u00b01 &#8211; Colol\u00f3, en el departamento de Soriano, se llev\u00f3 a cabo un encuentro entre&nbsp; representantes de los Espacios y Comisiones de G\u00e9nero de&nbsp;las Mesas Intercooperativas de&nbsp;Salto, Paysand\u00fa y Soriano.&nbsp;&nbsp; En esta jornada, de la que participaron casi 20 mujeres cooperativistas, se trabaj\u00f3 sobre las fortalezas de cada grupo y Departamento en temas de g\u00e9nero y agenda, se plantearon y compartieron las necesidades de cada Espacio o Comisi\u00f3n e intercambiaron sobre sus proyectos o iniciativas para lo que resta del 2024.&nbsp; Durante el encuentro se realiz\u00f3 el taller [&#8230;]<\/p>\n","protected":false},"author":27,"featured_media":4486,"comment_status":"open","ping_status":"open","sticky":false,"template":"","format":"standard","meta":{"_acf_changed":false,"ngg_post_thumbnail":0,"footnotes":""},"categories":[7,6,1],"tags":[],"class_list":["post-4485","post","type-post","status-publish","format-standard","has-post-thumbnail","hentry","category-cooperativas","category-institucionales","category-noticias"],"acf":[],"_links":{"self":[{"href":"https:\/\/www.cudecoop.coop\/cudecoop\/wp-json\/wp\/v2\/posts\/4485","targetHints":{"allow":["GET"]}}],"collection":[{"href":"https:\/\/www.cudecoop.coop\/cudecoop\/wp-json\/wp\/v2\/posts"}],"about":[{"href":"https:\/\/www.cudecoop.coop\/cudecoop\/wp-json\/wp\/v2\/types\/post"}],"author":[{"embeddable":true,"href":"https:\/\/www.cudecoop.coop\/cudecoop\/wp-json\/wp\/v2\/users\/27"}],"replies":[{"embeddable":true,"href":"https:\/\/www.cudecoop.coop\/cudecoop\/wp-json\/wp\/v2\/comments?post=4485"}],"version-history":[{"count":1,"href":"https:\/\/www.cudecoop.coop\/cudecoop\/wp-json\/wp\/v2\/posts\/4485\/revisions"}],"predecessor-version":[{"id":4487,"href":"https:\/\/www.cudecoop.coop\/cudecoop\/wp-json\/wp\/v2\/posts\/4485\/revisions\/4487"}],"wp:featuredmedia":[{"embeddable":true,"href":"https:\/\/www.cudecoop.coop\/cudecoop\/wp-json\/wp\/v2\/media\/4486"}],"wp:attachment":[{"href":"https:\/\/www.cudecoop.coop\/cudecoop\/wp-json\/wp\/v2\/media?parent=4485"}],"wp:term":[{"taxonomy":"category","embeddable":true,"href":"https:\/\/www.cudecoop.coop\/cudecoop\/wp-json\/wp\/v2\/categories?post=4485"},{"taxonomy":"post_tag","embeddable":true,"href":"https:\/\/www.cudecoop.coop\/cudecoop\/wp-json\/wp\/v2\/tags?post=4485"}],"curies":[{"name":"wp","href":"https:\/\/api.w.org\/{rel}","templated":true}]}}