{"id":4421,"date":"2024-05-07T20:25:06","date_gmt":"2024-05-07T20:25:06","guid":{"rendered":"https:\/\/www.cudecoop.coop\/cudecoop\/?p=4421"},"modified":"2024-07-31T18:40:15","modified_gmt":"2024-07-31T18:40:15","slug":"lanzamiento-curso-especialista-en-gestion-cooperativa-2024","status":"publish","type":"post","link":"https:\/\/www.cudecoop.coop\/cudecoop\/lanzamiento-curso-especialista-en-gestion-cooperativa-2024\/","title":{"rendered":"Lanzamiento Curso Especialista en Gesti\u00f3n Cooperativa 2024"},"content":{"rendered":"<p>El pasado lunes 29 de abril, en la Facultad de Ciencias Econ\u00f3micas y Administraci\u00f3n, se realiz\u00f3 el lanzamiento de la 12va edici\u00f3n del curso Especialista en Gesti\u00f3n Cooperativa.&nbsp;<u><\/u><u><\/u><\/p>\n<p>De esta actividad que cont\u00f3 con decenas de estudiantes y personas egresadas presentes de la edici\u00f3n 2023, participaron Alicia Maneiro, presidenta de Cudecoop y Jorge Xavier, decano de la FCEA.&nbsp;<u><\/u><u><\/u><\/p>\n<p>Durante la apertura, Maneiro destac\u00f3 la permanencia de este curso, la gran trayectoria y cantidad de estudiantes que lo han realizado y manifest\u00f3 su conformidad con &nbsp;que ha sido llevado adelante este acuerdo de colaboraci\u00f3n desde la Facultad, desde donde se entiende que el centro del trabajo cooperativo est\u00e1 en las personas y agreg\u00f3 &#8220;necesitamos profesionales que nos conozcan, necesitamos profesionales que sepan reconocer a una empresa cooperativa, que sepan entender sus diferencias y que a partir de ah\u00ed nos puedan ayudar.&nbsp; El decano Xavier por su parte hizo hincapi\u00e9 en que &#8220;La casa de las cooperativas es la Facultad de Ciencias Econ\u00f3micas y Administraci\u00f3n y esto es algo que nos desaf\u00eda de la mejor manera, nos apasiona, nos encanta. Nos aporta enormemente en t\u00e9rminos de conocimiento, en investigaci\u00f3n, en extensi\u00f3n y lo que hacemos en territorio, en ense\u00f1anza en todos los niveles. Tenemos el compromiso de seguir aportando y seguir trabajando.&#8221;<u><\/u><u><\/u><\/p>\n<p>En este marco, se firm\u00f3 entre ambas partes un acuerdo que renueva el convenio entre Cudecoop y la FCEA hasta 2026 para llevar adelante la realizaci\u00f3n del curso.&nbsp;<u><\/u><u><\/u><\/p>\n<p>Adem\u00e1s del encuentro con el que se inici\u00f3 el a\u00f1o lectivo de esta formaci\u00f3n, se llev\u00f3 a cabo la ceremonia de entrega de certificados a quienes egresaron en 2023: de esta instancia, adem\u00e1s de las autoridades anteriormente mencionadas, fueron protagonistas casi 20 estudiantes que dieron cierre a este ciclo acad\u00e9mico con palabras de aliento, entusiasmo y algunas an\u00e9cdotas&nbsp; para quienes est\u00e1n por comenzar.&nbsp;<u><\/u><u><\/u><\/p>\n<p>Durante este a\u00f1o, 30 personas estar\u00e1n realizando el curso.&nbsp;<\/p>\n<div id='gallery-1' class='gallery galleryid-4421 gallery-columns-3 gallery-size-thumbnail'><figure class='gallery-item'>\n\t\t\t<div class='gallery-icon portrait'>\n\t\t\t\t<a href='https:\/\/www.cudecoop.coop\/cudecoop\/lanzamiento-curso-especialista-en-gestion-cooperativa-2024\/whatsapp-image-2024-05-02-at-16-46-14-1\/'><img loading=\"lazy\" decoding=\"async\" width=\"150\" height=\"150\" src=\"https:\/\/www.cudecoop.coop\/cudecoop\/wp-content\/uploads\/2024\/05\/WhatsApp-Image-2024-05-02-at-16.46.14-1-150x150.jpeg\" class=\"attachment-thumbnail size-thumbnail\" alt=\"\" srcset=\"https:\/\/www.cudecoop.coop\/cudecoop\/wp-content\/uploads\/2024\/05\/WhatsApp-Image-2024-05-02-at-16.46.14-1-150x150.jpeg 150w, https:\/\/www.cudecoop.coop\/cudecoop\/wp-content\/uploads\/2024\/05\/WhatsApp-Image-2024-05-02-at-16.46.14-1-100x100.jpeg 100w\" sizes=\"auto, 100vw\" \/><\/a>\n\t\t\t<\/div><\/figure><figure class='gallery-item'>\n\t\t\t<div class='gallery-icon landscape'>\n\t\t\t\t<a href='https:\/\/www.cudecoop.coop\/cudecoop\/lanzamiento-curso-especialista-en-gestion-cooperativa-2024\/whatsapp-image-2024-05-02-at-16-46-16\/'><img loading=\"lazy\" decoding=\"async\" width=\"150\" height=\"150\" src=\"https:\/\/www.cudecoop.coop\/cudecoop\/wp-content\/uploads\/2024\/05\/WhatsApp-Image-2024-05-02-at-16.46.16-150x150.jpeg\" class=\"attachment-thumbnail size-thumbnail\" alt=\"\" srcset=\"https:\/\/www.cudecoop.coop\/cudecoop\/wp-content\/uploads\/2024\/05\/WhatsApp-Image-2024-05-02-at-16.46.16-150x150.jpeg 150w, https:\/\/www.cudecoop.coop\/cudecoop\/wp-content\/uploads\/2024\/05\/WhatsApp-Image-2024-05-02-at-16.46.16-100x100.jpeg 100w\" sizes=\"auto, 100vw\" \/><\/a>\n\t\t\t<\/div><\/figure><figure class='gallery-item'>\n\t\t\t<div class='gallery-icon landscape'>\n\t\t\t\t<a href='https:\/\/www.cudecoop.coop\/cudecoop\/lanzamiento-curso-especialista-en-gestion-cooperativa-2024\/whatsapp-image-2024-05-02-at-16-46-20\/'><img loading=\"lazy\" decoding=\"async\" width=\"150\" height=\"150\" src=\"https:\/\/www.cudecoop.coop\/cudecoop\/wp-content\/uploads\/2024\/05\/WhatsApp-Image-2024-05-02-at-16.46.20-150x150.jpeg\" class=\"attachment-thumbnail size-thumbnail\" alt=\"\" srcset=\"https:\/\/www.cudecoop.coop\/cudecoop\/wp-content\/uploads\/2024\/05\/WhatsApp-Image-2024-05-02-at-16.46.20-150x150.jpeg 150w, https:\/\/www.cudecoop.coop\/cudecoop\/wp-content\/uploads\/2024\/05\/WhatsApp-Image-2024-05-02-at-16.46.20-100x100.jpeg 100w\" sizes=\"auto, 100vw\" \/><\/a>\n\t\t\t<\/div><\/figure><figure class='gallery-item'>\n\t\t\t<div class='gallery-icon landscape'>\n\t\t\t\t<a href='https:\/\/www.cudecoop.coop\/cudecoop\/lanzamiento-curso-especialista-en-gestion-cooperativa-2024\/whatsapp-image-2024-05-02-at-16-46-21\/'><img loading=\"lazy\" decoding=\"async\" width=\"150\" height=\"150\" src=\"https:\/\/www.cudecoop.coop\/cudecoop\/wp-content\/uploads\/2024\/05\/WhatsApp-Image-2024-05-02-at-16.46.21-150x150.jpeg\" class=\"attachment-thumbnail size-thumbnail\" alt=\"\" srcset=\"https:\/\/www.cudecoop.coop\/cudecoop\/wp-content\/uploads\/2024\/05\/WhatsApp-Image-2024-05-02-at-16.46.21-150x150.jpeg 150w, https:\/\/www.cudecoop.coop\/cudecoop\/wp-content\/uploads\/2024\/05\/WhatsApp-Image-2024-05-02-at-16.46.21-100x100.jpeg 100w\" sizes=\"auto, 100vw\" \/><\/a>\n\t\t\t<\/div><\/figure><figure class='gallery-item'>\n\t\t\t<div class='gallery-icon landscape'>\n\t\t\t\t<a href='https:\/\/www.cudecoop.coop\/cudecoop\/lanzamiento-curso-especialista-en-gestion-cooperativa-2024\/whatsapp-image-2024-05-02-at-16-46-22\/'><img loading=\"lazy\" decoding=\"async\" width=\"150\" height=\"150\" src=\"https:\/\/www.cudecoop.coop\/cudecoop\/wp-content\/uploads\/2024\/05\/WhatsApp-Image-2024-05-02-at-16.46.22-150x150.jpeg\" class=\"attachment-thumbnail size-thumbnail\" alt=\"\" srcset=\"https:\/\/www.cudecoop.coop\/cudecoop\/wp-content\/uploads\/2024\/05\/WhatsApp-Image-2024-05-02-at-16.46.22-150x150.jpeg 150w, https:\/\/www.cudecoop.coop\/cudecoop\/wp-content\/uploads\/2024\/05\/WhatsApp-Image-2024-05-02-at-16.46.22-100x100.jpeg 100w\" sizes=\"auto, 100vw\" \/><\/a>\n\t\t\t<\/div><\/figure><figure class='gallery-item'>\n\t\t\t<div class='gallery-icon landscape'>\n\t\t\t\t<a href='https:\/\/www.cudecoop.coop\/cudecoop\/lanzamiento-curso-especialista-en-gestion-cooperativa-2024\/whatsapp-image-2024-05-02-at-16-46-22-1\/'><img loading=\"lazy\" decoding=\"async\" width=\"150\" height=\"150\" src=\"https:\/\/www.cudecoop.coop\/cudecoop\/wp-content\/uploads\/2024\/05\/WhatsApp-Image-2024-05-02-at-16.46.22-1-150x150.jpeg\" class=\"attachment-thumbnail size-thumbnail\" alt=\"\" srcset=\"https:\/\/www.cudecoop.coop\/cudecoop\/wp-content\/uploads\/2024\/05\/WhatsApp-Image-2024-05-02-at-16.46.22-1-150x150.jpeg 150w, https:\/\/www.cudecoop.coop\/cudecoop\/wp-content\/uploads\/2024\/05\/WhatsApp-Image-2024-05-02-at-16.46.22-1-100x100.jpeg 100w\" sizes=\"auto, 100vw\" \/><\/a>\n\t\t\t<\/div><\/figure><figure class='gallery-item'>\n\t\t\t<div class='gallery-icon landscape'>\n\t\t\t\t<a href='https:\/\/www.cudecoop.coop\/cudecoop\/lanzamiento-curso-especialista-en-gestion-cooperativa-2024\/whatsapp-image-2024-05-02-at-16-46-23\/'><img loading=\"lazy\" decoding=\"async\" width=\"150\" height=\"150\" src=\"https:\/\/www.cudecoop.coop\/cudecoop\/wp-content\/uploads\/2024\/05\/WhatsApp-Image-2024-05-02-at-16.46.23-150x150.jpeg\" class=\"attachment-thumbnail size-thumbnail\" alt=\"\" srcset=\"https:\/\/www.cudecoop.coop\/cudecoop\/wp-content\/uploads\/2024\/05\/WhatsApp-Image-2024-05-02-at-16.46.23-150x150.jpeg 150w, https:\/\/www.cudecoop.coop\/cudecoop\/wp-content\/uploads\/2024\/05\/WhatsApp-Image-2024-05-02-at-16.46.23-100x100.jpeg 100w\" sizes=\"auto, 100vw\" \/><\/a>\n\t\t\t<\/div><\/figure><figure class='gallery-item'>\n\t\t\t<div class='gallery-icon landscape'>\n\t\t\t\t<a href='https:\/\/www.cudecoop.coop\/cudecoop\/lanzamiento-curso-especialista-en-gestion-cooperativa-2024\/whatsapp-image-2024-05-02-at-16-46-28\/'><img loading=\"lazy\" decoding=\"async\" width=\"150\" height=\"150\" src=\"https:\/\/www.cudecoop.coop\/cudecoop\/wp-content\/uploads\/2024\/05\/WhatsApp-Image-2024-05-02-at-16.46.28-150x150.jpeg\" class=\"attachment-thumbnail size-thumbnail\" alt=\"\" srcset=\"https:\/\/www.cudecoop.coop\/cudecoop\/wp-content\/uploads\/2024\/05\/WhatsApp-Image-2024-05-02-at-16.46.28-150x150.jpeg 150w, https:\/\/www.cudecoop.coop\/cudecoop\/wp-content\/uploads\/2024\/05\/WhatsApp-Image-2024-05-02-at-16.46.28-100x100.jpeg 100w\" sizes=\"auto, 100vw\" \/><\/a>\n\t\t\t<\/div><\/figure><figure class='gallery-item'>\n\t\t\t<div class='gallery-icon landscape'>\n\t\t\t\t<a href='https:\/\/www.cudecoop.coop\/cudecoop\/lanzamiento-curso-especialista-en-gestion-cooperativa-2024\/whatsapp-image-2024-05-02-at-16-46-31\/'><img loading=\"lazy\" decoding=\"async\" width=\"150\" height=\"150\" src=\"https:\/\/www.cudecoop.coop\/cudecoop\/wp-content\/uploads\/2024\/05\/WhatsApp-Image-2024-05-02-at-16.46.31-150x150.jpeg\" class=\"attachment-thumbnail size-thumbnail\" alt=\"\" srcset=\"https:\/\/www.cudecoop.coop\/cudecoop\/wp-content\/uploads\/2024\/05\/WhatsApp-Image-2024-05-02-at-16.46.31-150x150.jpeg 150w, https:\/\/www.cudecoop.coop\/cudecoop\/wp-content\/uploads\/2024\/05\/WhatsApp-Image-2024-05-02-at-16.46.31-100x100.jpeg 100w\" sizes=\"auto, 100vw\" \/><\/a>\n\t\t\t<\/div><\/figure><figure class='gallery-item'>\n\t\t\t<div class='gallery-icon landscape'>\n\t\t\t\t<a href='https:\/\/www.cudecoop.coop\/cudecoop\/lanzamiento-curso-especialista-en-gestion-cooperativa-2024\/whatsapp-image-2024-05-02-at-16-46-30-1\/'><img loading=\"lazy\" decoding=\"async\" width=\"150\" height=\"150\" src=\"https:\/\/www.cudecoop.coop\/cudecoop\/wp-content\/uploads\/2024\/05\/WhatsApp-Image-2024-05-02-at-16.46.30-1-150x150.jpeg\" class=\"attachment-thumbnail size-thumbnail\" alt=\"\" srcset=\"https:\/\/www.cudecoop.coop\/cudecoop\/wp-content\/uploads\/2024\/05\/WhatsApp-Image-2024-05-02-at-16.46.30-1-150x150.jpeg 150w, https:\/\/www.cudecoop.coop\/cudecoop\/wp-content\/uploads\/2024\/05\/WhatsApp-Image-2024-05-02-at-16.46.30-1-100x100.jpeg 100w\" sizes=\"auto, 100vw\" \/><\/a>\n\t\t\t<\/div><\/figure><figure class='gallery-item'>\n\t\t\t<div class='gallery-icon landscape'>\n\t\t\t\t<a href='https:\/\/www.cudecoop.coop\/cudecoop\/lanzamiento-curso-especialista-en-gestion-cooperativa-2024\/whatsapp-image-2024-05-02-at-16-46-26-1\/'><img loading=\"lazy\" decoding=\"async\" width=\"150\" height=\"150\" src=\"https:\/\/www.cudecoop.coop\/cudecoop\/wp-content\/uploads\/2024\/05\/WhatsApp-Image-2024-05-02-at-16.46.26-1-150x150.jpeg\" class=\"attachment-thumbnail size-thumbnail\" alt=\"\" srcset=\"https:\/\/www.cudecoop.coop\/cudecoop\/wp-content\/uploads\/2024\/05\/WhatsApp-Image-2024-05-02-at-16.46.26-1-150x150.jpeg 150w, https:\/\/www.cudecoop.coop\/cudecoop\/wp-content\/uploads\/2024\/05\/WhatsApp-Image-2024-05-02-at-16.46.26-1-100x100.jpeg 100w\" sizes=\"auto, 100vw\" \/><\/a>\n\t\t\t<\/div><\/figure><figure class='gallery-item'>\n\t\t\t<div class='gallery-icon landscape'>\n\t\t\t\t<a href='https:\/\/www.cudecoop.coop\/cudecoop\/lanzamiento-curso-especialista-en-gestion-cooperativa-2024\/whatsapp-image-2024-05-02-at-16-46-26\/'><img loading=\"lazy\" decoding=\"async\" width=\"150\" height=\"150\" src=\"https:\/\/www.cudecoop.coop\/cudecoop\/wp-content\/uploads\/2024\/05\/WhatsApp-Image-2024-05-02-at-16.46.26-150x150.jpeg\" class=\"attachment-thumbnail size-thumbnail\" alt=\"\" srcset=\"https:\/\/www.cudecoop.coop\/cudecoop\/wp-content\/uploads\/2024\/05\/WhatsApp-Image-2024-05-02-at-16.46.26-150x150.jpeg 150w, https:\/\/www.cudecoop.coop\/cudecoop\/wp-content\/uploads\/2024\/05\/WhatsApp-Image-2024-05-02-at-16.46.26-100x100.jpeg 100w\" sizes=\"auto, 100vw\" \/><\/a>\n\t\t\t<\/div><\/figure><figure class='gallery-item'>\n\t\t\t<div class='gallery-icon landscape'>\n\t\t\t\t<a href='https:\/\/www.cudecoop.coop\/cudecoop\/lanzamiento-curso-especialista-en-gestion-cooperativa-2024\/whatsapp-image-2024-05-02-at-16-46-24\/'><img loading=\"lazy\" decoding=\"async\" width=\"150\" height=\"150\" src=\"https:\/\/www.cudecoop.coop\/cudecoop\/wp-content\/uploads\/2024\/05\/WhatsApp-Image-2024-05-02-at-16.46.24-150x150.jpeg\" class=\"attachment-thumbnail size-thumbnail\" alt=\"\" srcset=\"https:\/\/www.cudecoop.coop\/cudecoop\/wp-content\/uploads\/2024\/05\/WhatsApp-Image-2024-05-02-at-16.46.24-150x150.jpeg 150w, https:\/\/www.cudecoop.coop\/cudecoop\/wp-content\/uploads\/2024\/05\/WhatsApp-Image-2024-05-02-at-16.46.24-100x100.jpeg 100w\" sizes=\"auto, 100vw\" \/><\/a>\n\t\t\t<\/div><\/figure><figure class='gallery-item'>\n\t\t\t<div class='gallery-icon landscape'>\n\t\t\t\t<a href='https:\/\/www.cudecoop.coop\/cudecoop\/lanzamiento-curso-especialista-en-gestion-cooperativa-2024\/whatsapp-image-2024-05-02-at-16-46-28-1\/'><img loading=\"lazy\" decoding=\"async\" width=\"150\" height=\"150\" src=\"https:\/\/www.cudecoop.coop\/cudecoop\/wp-content\/uploads\/2024\/05\/WhatsApp-Image-2024-05-02-at-16.46.28-1-150x150.jpeg\" class=\"attachment-thumbnail size-thumbnail\" alt=\"\" srcset=\"https:\/\/www.cudecoop.coop\/cudecoop\/wp-content\/uploads\/2024\/05\/WhatsApp-Image-2024-05-02-at-16.46.28-1-150x150.jpeg 150w, https:\/\/www.cudecoop.coop\/cudecoop\/wp-content\/uploads\/2024\/05\/WhatsApp-Image-2024-05-02-at-16.46.28-1-100x100.jpeg 100w\" sizes=\"auto, 100vw\" \/><\/a>\n\t\t\t<\/div><\/figure><figure class='gallery-item'>\n\t\t\t<div class='gallery-icon landscape'>\n\t\t\t\t<a href='https:\/\/www.cudecoop.coop\/cudecoop\/lanzamiento-curso-especialista-en-gestion-cooperativa-2024\/whatsapp-image-2024-05-02-at-16-46-29\/'><img loading=\"lazy\" decoding=\"async\" width=\"150\" height=\"150\" src=\"https:\/\/www.cudecoop.coop\/cudecoop\/wp-content\/uploads\/2024\/05\/WhatsApp-Image-2024-05-02-at-16.46.29-150x150.jpeg\" class=\"attachment-thumbnail size-thumbnail\" alt=\"\" srcset=\"https:\/\/www.cudecoop.coop\/cudecoop\/wp-content\/uploads\/2024\/05\/WhatsApp-Image-2024-05-02-at-16.46.29-150x150.jpeg 150w, https:\/\/www.cudecoop.coop\/cudecoop\/wp-content\/uploads\/2024\/05\/WhatsApp-Image-2024-05-02-at-16.46.29-100x100.jpeg 100w\" sizes=\"auto, 100vw\" \/><\/a>\n\t\t\t<\/div><\/figure><figure class='gallery-item'>\n\t\t\t<div class='gallery-icon landscape'>\n\t\t\t\t<a href='https:\/\/www.cudecoop.coop\/cudecoop\/lanzamiento-curso-especialista-en-gestion-cooperativa-2024\/whatsapp-image-2024-05-02-at-16-47-00\/'><img loading=\"lazy\" decoding=\"async\" width=\"150\" height=\"150\" src=\"https:\/\/www.cudecoop.coop\/cudecoop\/wp-content\/uploads\/2024\/05\/WhatsApp-Image-2024-05-02-at-16.47.00-150x150.jpeg\" class=\"attachment-thumbnail size-thumbnail\" alt=\"\" srcset=\"https:\/\/www.cudecoop.coop\/cudecoop\/wp-content\/uploads\/2024\/05\/WhatsApp-Image-2024-05-02-at-16.47.00-150x150.jpeg 150w, https:\/\/www.cudecoop.coop\/cudecoop\/wp-content\/uploads\/2024\/05\/WhatsApp-Image-2024-05-02-at-16.47.00-100x100.jpeg 100w\" sizes=\"auto, 100vw\" \/><\/a>\n\t\t\t<\/div><\/figure><figure class='gallery-item'>\n\t\t\t<div class='gallery-icon landscape'>\n\t\t\t\t<a href='https:\/\/www.cudecoop.coop\/cudecoop\/lanzamiento-curso-especialista-en-gestion-cooperativa-2024\/whatsapp-image-2024-05-02-at-16-47-01\/'><img loading=\"lazy\" decoding=\"async\" width=\"150\" height=\"150\" src=\"https:\/\/www.cudecoop.coop\/cudecoop\/wp-content\/uploads\/2024\/05\/WhatsApp-Image-2024-05-02-at-16.47.01-150x150.jpeg\" class=\"attachment-thumbnail size-thumbnail\" alt=\"\" srcset=\"https:\/\/www.cudecoop.coop\/cudecoop\/wp-content\/uploads\/2024\/05\/WhatsApp-Image-2024-05-02-at-16.47.01-150x150.jpeg 150w, https:\/\/www.cudecoop.coop\/cudecoop\/wp-content\/uploads\/2024\/05\/WhatsApp-Image-2024-05-02-at-16.47.01-100x100.jpeg 100w\" sizes=\"auto, 100vw\" \/><\/a>\n\t\t\t<\/div><\/figure><figure class='gallery-item'>\n\t\t\t<div class='gallery-icon portrait'>\n\t\t\t\t<a href='https:\/\/www.cudecoop.coop\/cudecoop\/lanzamiento-curso-especialista-en-gestion-cooperativa-2024\/whatsapp-image-2024-05-02-at-16-47-03\/'><img loading=\"lazy\" decoding=\"async\" width=\"150\" height=\"150\" src=\"https:\/\/www.cudecoop.coop\/cudecoop\/wp-content\/uploads\/2024\/05\/WhatsApp-Image-2024-05-02-at-16.47.03-150x150.jpeg\" class=\"attachment-thumbnail size-thumbnail\" alt=\"\" srcset=\"https:\/\/www.cudecoop.coop\/cudecoop\/wp-content\/uploads\/2024\/05\/WhatsApp-Image-2024-05-02-at-16.47.03-150x150.jpeg 150w, https:\/\/www.cudecoop.coop\/cudecoop\/wp-content\/uploads\/2024\/05\/WhatsApp-Image-2024-05-02-at-16.47.03-100x100.jpeg 100w\" sizes=\"auto, 100vw\" \/><\/a>\n\t\t\t<\/div><\/figure><figure class='gallery-item'>\n\t\t\t<div class='gallery-icon landscape'>\n\t\t\t\t<a href='https:\/\/www.cudecoop.coop\/cudecoop\/lanzamiento-curso-especialista-en-gestion-cooperativa-2024\/whatsapp-image-2024-05-02-at-16-47-07\/'><img loading=\"lazy\" decoding=\"async\" width=\"150\" height=\"150\" src=\"https:\/\/www.cudecoop.coop\/cudecoop\/wp-content\/uploads\/2024\/05\/WhatsApp-Image-2024-05-02-at-16.47.07-150x150.jpeg\" class=\"attachment-thumbnail size-thumbnail\" alt=\"\" srcset=\"https:\/\/www.cudecoop.coop\/cudecoop\/wp-content\/uploads\/2024\/05\/WhatsApp-Image-2024-05-02-at-16.47.07-150x150.jpeg 150w, https:\/\/www.cudecoop.coop\/cudecoop\/wp-content\/uploads\/2024\/05\/WhatsApp-Image-2024-05-02-at-16.47.07-100x100.jpeg 100w\" sizes=\"auto, 100vw\" \/><\/a>\n\t\t\t<\/div><\/figure><figure class='gallery-item'>\n\t\t\t<div class='gallery-icon landscape'>\n\t\t\t\t<a href='https:\/\/www.cudecoop.coop\/cudecoop\/lanzamiento-curso-especialista-en-gestion-cooperativa-2024\/whatsapp-image-2024-05-02-at-16-47-08\/'><img loading=\"lazy\" decoding=\"async\" width=\"150\" height=\"150\" src=\"https:\/\/www.cudecoop.coop\/cudecoop\/wp-content\/uploads\/2024\/05\/WhatsApp-Image-2024-05-02-at-16.47.08-150x150.jpeg\" class=\"attachment-thumbnail size-thumbnail\" alt=\"\" srcset=\"https:\/\/www.cudecoop.coop\/cudecoop\/wp-content\/uploads\/2024\/05\/WhatsApp-Image-2024-05-02-at-16.47.08-150x150.jpeg 150w, https:\/\/www.cudecoop.coop\/cudecoop\/wp-content\/uploads\/2024\/05\/WhatsApp-Image-2024-05-02-at-16.47.08-100x100.jpeg 100w\" sizes=\"auto, 100vw\" \/><\/a>\n\t\t\t<\/div><\/figure><figure class='gallery-item'>\n\t\t\t<div class='gallery-icon landscape'>\n\t\t\t\t<a href='https:\/\/www.cudecoop.coop\/cudecoop\/lanzamiento-curso-especialista-en-gestion-cooperativa-2024\/whatsapp-image-2024-05-02-at-16-47-13\/'><img loading=\"lazy\" decoding=\"async\" width=\"150\" height=\"150\" src=\"https:\/\/www.cudecoop.coop\/cudecoop\/wp-content\/uploads\/2024\/05\/WhatsApp-Image-2024-05-02-at-16.47.13-150x150.jpeg\" class=\"attachment-thumbnail size-thumbnail\" alt=\"\" srcset=\"https:\/\/www.cudecoop.coop\/cudecoop\/wp-content\/uploads\/2024\/05\/WhatsApp-Image-2024-05-02-at-16.47.13-150x150.jpeg 150w, https:\/\/www.cudecoop.coop\/cudecoop\/wp-content\/uploads\/2024\/05\/WhatsApp-Image-2024-05-02-at-16.47.13-100x100.jpeg 100w\" sizes=\"auto, 100vw\" \/><\/a>\n\t\t\t<\/div><\/figure><figure class='gallery-item'>\n\t\t\t<div class='gallery-icon portrait'>\n\t\t\t\t<a href='https:\/\/www.cudecoop.coop\/cudecoop\/lanzamiento-curso-especialista-en-gestion-cooperativa-2024\/whatsapp-image-2024-05-02-at-16-47-15\/'><img loading=\"lazy\" decoding=\"async\" width=\"150\" height=\"150\" src=\"https:\/\/www.cudecoop.coop\/cudecoop\/wp-content\/uploads\/2024\/05\/WhatsApp-Image-2024-05-02-at-16.47.15-150x150.jpeg\" class=\"attachment-thumbnail size-thumbnail\" alt=\"\" srcset=\"https:\/\/www.cudecoop.coop\/cudecoop\/wp-content\/uploads\/2024\/05\/WhatsApp-Image-2024-05-02-at-16.47.15-150x150.jpeg 150w, https:\/\/www.cudecoop.coop\/cudecoop\/wp-content\/uploads\/2024\/05\/WhatsApp-Image-2024-05-02-at-16.47.15-100x100.jpeg 100w\" sizes=\"auto, 100vw\" \/><\/a>\n\t\t\t<\/div><\/figure><figure class='gallery-item'>\n\t\t\t<div class='gallery-icon landscape'>\n\t\t\t\t<a href='https:\/\/www.cudecoop.coop\/cudecoop\/lanzamiento-curso-especialista-en-gestion-cooperativa-2024\/whatsapp-image-2024-05-02-at-16-47-14-1\/'><img loading=\"lazy\" decoding=\"async\" width=\"150\" height=\"150\" src=\"https:\/\/www.cudecoop.coop\/cudecoop\/wp-content\/uploads\/2024\/05\/WhatsApp-Image-2024-05-02-at-16.47.14-1-150x150.jpeg\" class=\"attachment-thumbnail size-thumbnail\" alt=\"\" srcset=\"https:\/\/www.cudecoop.coop\/cudecoop\/wp-content\/uploads\/2024\/05\/WhatsApp-Image-2024-05-02-at-16.47.14-1-150x150.jpeg 150w, https:\/\/www.cudecoop.coop\/cudecoop\/wp-content\/uploads\/2024\/05\/WhatsApp-Image-2024-05-02-at-16.47.14-1-100x100.jpeg 100w\" sizes=\"auto, 100vw\" \/><\/a>\n\t\t\t<\/div><\/figure>\n\t\t<\/div>\n\n","protected":false},"excerpt":{"rendered":"<p>El pasado lunes 29 de abril, en la Facultad de Ciencias Econ\u00f3micas y Administraci\u00f3n, se realiz\u00f3 el lanzamiento de la 12va edici\u00f3n del curso Especialista en Gesti\u00f3n Cooperativa.&nbsp; De esta actividad que cont\u00f3 con decenas de estudiantes y personas egresadas presentes de la edici\u00f3n 2023, participaron Alicia Maneiro, presidenta de Cudecoop y Jorge Xavier, decano de la FCEA.&nbsp; Durante la apertura, Maneiro destac\u00f3 la permanencia de este curso, la gran trayectoria y cantidad de estudiantes que lo han realizado y manifest\u00f3 su conformidad con &nbsp;que ha sido llevado adelante este acuerdo de colaboraci\u00f3n desde la Facultad, desde donde se entiende [&#8230;]<\/p>\n","protected":false},"author":27,"featured_media":4430,"comment_status":"open","ping_status":"open","sticky":false,"template":"","format":"standard","meta":{"_acf_changed":false,"ngg_post_thumbnail":0,"footnotes":""},"categories":[7,6,1],"tags":[],"class_list":["post-4421","post","type-post","status-publish","format-standard","has-post-thumbnail","hentry","category-cooperativas","category-institucionales","category-noticias"],"acf":[],"_links":{"self":[{"href":"https:\/\/www.cudecoop.coop\/cudecoop\/wp-json\/wp\/v2\/posts\/4421","targetHints":{"allow":["GET"]}}],"collection":[{"href":"https:\/\/www.cudecoop.coop\/cudecoop\/wp-json\/wp\/v2\/posts"}],"about":[{"href":"https:\/\/www.cudecoop.coop\/cudecoop\/wp-json\/wp\/v2\/types\/post"}],"author":[{"embeddable":true,"href":"https:\/\/www.cudecoop.coop\/cudecoop\/wp-json\/wp\/v2\/users\/27"}],"replies":[{"embeddable":true,"href":"https:\/\/www.cudecoop.coop\/cudecoop\/wp-json\/wp\/v2\/comments?post=4421"}],"version-history":[{"count":2,"href":"https:\/\/www.cudecoop.coop\/cudecoop\/wp-json\/wp\/v2\/posts\/4421\/revisions"}],"predecessor-version":[{"id":4454,"href":"https:\/\/www.cudecoop.coop\/cudecoop\/wp-json\/wp\/v2\/posts\/4421\/revisions\/4454"}],"wp:featuredmedia":[{"embeddable":true,"href":"https:\/\/www.cudecoop.coop\/cudecoop\/wp-json\/wp\/v2\/media\/4430"}],"wp:attachment":[{"href":"https:\/\/www.cudecoop.coop\/cudecoop\/wp-json\/wp\/v2\/media?parent=4421"}],"wp:term":[{"taxonomy":"category","embeddable":true,"href":"https:\/\/www.cudecoop.coop\/cudecoop\/wp-json\/wp\/v2\/categories?post=4421"},{"taxonomy":"post_tag","embeddable":true,"href":"https:\/\/www.cudecoop.coop\/cudecoop\/wp-json\/wp\/v2\/tags?post=4421"}],"curies":[{"name":"wp","href":"https:\/\/api.w.org\/{rel}","templated":true}]}}