{"id":4416,"date":"2024-04-29T21:48:31","date_gmt":"2024-04-29T21:48:31","guid":{"rendered":"https:\/\/www.cudecoop.coop\/cudecoop\/?p=4416"},"modified":"2024-05-02T19:32:49","modified_gmt":"2024-05-02T19:32:49","slug":"se-realizo-un-encuentro-regional-de-cooperativas-en-paysandu","status":"publish","type":"post","link":"https:\/\/www.cudecoop.coop\/cudecoop\/se-realizo-un-encuentro-regional-de-cooperativas-en-paysandu\/","title":{"rendered":"Se realiz\u00f3 un encuentro regional de cooperativas en Paysand\u00fa"},"content":{"rendered":"<p>Con motivo de analizar y realizar las Propuestas Program\u00e1ticas del cooperativismo a los partidos pol\u00edticos, este s\u00e1bado 27 de abril, se reunieron en Paysand\u00fa alrededor de 60 cooperativistas representantes de las Mesas Intercooperativas de los departamentos de Colonia, Salto, Soriano, R\u00edo Negro y de la localidad anfitriona.&nbsp;<\/p>\n<p>Este encuentro, enmarcado en el Programa de Desarrollo Territorial, tuvo la apertura a cargo de representantes de la Mesa Intercooperativa de Paysand\u00fa;&nbsp; de la directora de INEFOP por el Ministerio de Educaci\u00f3n y Cultura (MEC), Marisa Acosta; y de la presidenta de Cudecoop, Alicia Maneiro.&nbsp;<\/p>\n<p>El encuentro, realizado en el marco del Literal \u00d1 del Instituto Nacional de Empleo y Formaci\u00f3n Profesional, INEFOP, se realiz\u00f3 en formato de talleres lo cual permiti\u00f3 recoger las necesidades e inquietudes de las cooperativas en los distintos territorios. Estos aportes son insumos para seguir continuar con la elaboraci\u00f3n de las propuestas program\u00e1ticas a para presentar a los distintos partidos pol\u00edticos en el marco de la campa\u00f1a electoral, desde el rol de Cudeocop de representaci\u00f3n de todo el movimiento cooperativo a nivel nacional.&nbsp;<\/p>\n<p>Por otro lado, al cierre de la actividad se hizo menci\u00f3n a los 40 a\u00f1os de la fundaci\u00f3n de la Mesa Intercooperativa de Paysand\u00fa que se cumplen este a\u00f1o, mesa fundadora de lo que luego ser\u00eda la Confederaci\u00f3n, destacando algunas de las frases que se mencionan en la memoria anual de la Confederaci\u00f3n de julio 1988 &#8211; junio 1989:&nbsp;<\/p>\n<p>&#8220;Somos una organizaci\u00f3n en crecimiento, con muchas b\u00fasquedas, con visiones diversas, con acuerdos firmes. En definitiva somos una organizaci\u00f3n viva, real.&nbsp;<\/p>\n<p>Si tuvi\u00e9ramos que definir brevemente el m\u00e9todo empleado por el cooperativismo uruguayo para darse esta integraci\u00f3n, deber\u00edamos se\u00f1alar que el proceso se ha realizado respetando los ritmos de toma de decisi\u00f3n de nuestras organizaciones, democr\u00e1ticas y participativas, que exigen claridad de planteos, documentos previos y tiempo para que las direcciones tomen posici\u00f3n y mandaten a sus delegados.&#8221;1<\/p>\n<ol>\n<li>Memoria y balance anual julio 1988 &#8211; junio 1989<\/li>\n<\/ol>\n<p>&nbsp;<\/p>\n<p>&nbsp;<\/p>\n","protected":false},"excerpt":{"rendered":"<p>Con motivo de analizar y realizar las Propuestas Program\u00e1ticas del cooperativismo a los partidos pol\u00edticos, este s\u00e1bado 27 de abril, se reunieron en Paysand\u00fa alrededor de 60 cooperativistas representantes de las Mesas Intercooperativas de los departamentos de Colonia, Salto, Soriano, R\u00edo Negro y de la localidad anfitriona.&nbsp; Este encuentro, enmarcado en el Programa de Desarrollo Territorial, tuvo la apertura a cargo de representantes de la Mesa Intercooperativa de Paysand\u00fa;&nbsp; de la directora de INEFOP por el Ministerio de Educaci\u00f3n y Cultura (MEC), Marisa Acosta; y de la presidenta de Cudecoop, Alicia Maneiro.&nbsp; El encuentro, realizado en el marco del Literal [&#8230;]<\/p>\n","protected":false},"author":27,"featured_media":4417,"comment_status":"open","ping_status":"open","sticky":false,"template":"","format":"standard","meta":{"_acf_changed":false,"ngg_post_thumbnail":0,"footnotes":""},"categories":[7,6,1],"tags":[],"class_list":["post-4416","post","type-post","status-publish","format-standard","has-post-thumbnail","hentry","category-cooperativas","category-institucionales","category-noticias"],"acf":[],"_links":{"self":[{"href":"https:\/\/www.cudecoop.coop\/cudecoop\/wp-json\/wp\/v2\/posts\/4416","targetHints":{"allow":["GET"]}}],"collection":[{"href":"https:\/\/www.cudecoop.coop\/cudecoop\/wp-json\/wp\/v2\/posts"}],"about":[{"href":"https:\/\/www.cudecoop.coop\/cudecoop\/wp-json\/wp\/v2\/types\/post"}],"author":[{"embeddable":true,"href":"https:\/\/www.cudecoop.coop\/cudecoop\/wp-json\/wp\/v2\/users\/27"}],"replies":[{"embeddable":true,"href":"https:\/\/www.cudecoop.coop\/cudecoop\/wp-json\/wp\/v2\/comments?post=4416"}],"version-history":[{"count":3,"href":"https:\/\/www.cudecoop.coop\/cudecoop\/wp-json\/wp\/v2\/posts\/4416\/revisions"}],"predecessor-version":[{"id":4420,"href":"https:\/\/www.cudecoop.coop\/cudecoop\/wp-json\/wp\/v2\/posts\/4416\/revisions\/4420"}],"wp:featuredmedia":[{"embeddable":true,"href":"https:\/\/www.cudecoop.coop\/cudecoop\/wp-json\/wp\/v2\/media\/4417"}],"wp:attachment":[{"href":"https:\/\/www.cudecoop.coop\/cudecoop\/wp-json\/wp\/v2\/media?parent=4416"}],"wp:term":[{"taxonomy":"category","embeddable":true,"href":"https:\/\/www.cudecoop.coop\/cudecoop\/wp-json\/wp\/v2\/categories?post=4416"},{"taxonomy":"post_tag","embeddable":true,"href":"https:\/\/www.cudecoop.coop\/cudecoop\/wp-json\/wp\/v2\/tags?post=4416"}],"curies":[{"name":"wp","href":"https:\/\/api.w.org\/{rel}","templated":true}]}}