{"id":4386,"date":"2024-04-15T21:11:11","date_gmt":"2024-04-15T21:11:11","guid":{"rendered":"http:\/\/www.cudecoop.coop\/cudecoop\/?p=4386"},"modified":"2024-04-15T21:11:11","modified_gmt":"2024-04-15T21:11:11","slug":"publicacion-digital-sobre-negociacion-colectiva-en-el-cooperativismo","status":"publish","type":"post","link":"https:\/\/www.cudecoop.coop\/cudecoop\/publicacion-digital-sobre-negociacion-colectiva-en-el-cooperativismo\/","title":{"rendered":"Publicaci\u00f3n digital sobre negociaci\u00f3n colectiva en el cooperativismo"},"content":{"rendered":"<p>Compartimos el Estudio prospectivo sobre el trabajo del futuro en el sector cooperativo nacional y su impacto en los procesos de negociaci\u00f3n colectiva.&nbsp;<\/p>\n<p>La publicaci\u00f3n recoge los resultados logrados a partir del Proyecto de Investigaci\u00f3n ID-6, 2023 ejecutado por CUDECOOP junto al Instituto Juan Pablo Terra, financiados en el marco del Literal \u00d1 del INEFOP.<\/p>\n<p>El objetivo de esta publicaci\u00f3n es contribuir a la comprensi\u00f3n de la<br \/>\nnegociaci\u00f3n colectiva en las cooperativas teniendo en cuenta los procesos de transformaci\u00f3n&nbsp;del trabajo, en el marco de la 4ta Revoluci\u00f3n Industrial, y proyectar las&nbsp;posibles \u00e1reas de conflicto y de oportunidad.<\/p>\n<p>Su coordinaci\u00f3n estuvo a cargo de&nbsp;Juan Mart\u00edn Fern\u00e1ndez e<br \/>\nIgnacio Arboleya por el IJPT y&nbsp;Gabriel Isola por Cudecoop.&nbsp;<\/p>\n<p><a href=\"https:\/\/www.cudecoop.coop\/cudecoop\/wp-content\/uploads\/2024\/04\/Cudecoop_publicacion-literal-n%CC%83_2023-1.pdf\">Acceder aqu\u00ed a la publicaci\u00f3n<\/a>&nbsp;<\/p>\n","protected":false},"excerpt":{"rendered":"<p>Compartimos el Estudio prospectivo sobre el trabajo del futuro en el sector cooperativo nacional y su impacto en los procesos de negociaci\u00f3n colectiva.&nbsp; La publicaci\u00f3n recoge los resultados logrados a partir del Proyecto de Investigaci\u00f3n ID-6, 2023 ejecutado por CUDECOOP junto al Instituto Juan Pablo Terra, financiados en el marco del Literal \u00d1 del INEFOP. El objetivo de esta publicaci\u00f3n es contribuir a la comprensi\u00f3n de la<br \/> negociaci\u00f3n colectiva en las cooperativas teniendo en cuenta los procesos de transformaci\u00f3n&nbsp;del trabajo, en el marco de la 4ta Revoluci\u00f3n Industrial, y proyectar las&nbsp;posibles \u00e1reas de conflicto y de oportunidad. Su coordinaci\u00f3n [&#8230;]<\/p>\n","protected":false},"author":27,"featured_media":4387,"comment_status":"open","ping_status":"open","sticky":false,"template":"","format":"standard","meta":{"_acf_changed":false,"ngg_post_thumbnail":0,"footnotes":""},"categories":[7,6,1],"tags":[],"class_list":["post-4386","post","type-post","status-publish","format-standard","has-post-thumbnail","hentry","category-cooperativas","category-institucionales","category-noticias"],"acf":[],"_links":{"self":[{"href":"https:\/\/www.cudecoop.coop\/cudecoop\/wp-json\/wp\/v2\/posts\/4386","targetHints":{"allow":["GET"]}}],"collection":[{"href":"https:\/\/www.cudecoop.coop\/cudecoop\/wp-json\/wp\/v2\/posts"}],"about":[{"href":"https:\/\/www.cudecoop.coop\/cudecoop\/wp-json\/wp\/v2\/types\/post"}],"author":[{"embeddable":true,"href":"https:\/\/www.cudecoop.coop\/cudecoop\/wp-json\/wp\/v2\/users\/27"}],"replies":[{"embeddable":true,"href":"https:\/\/www.cudecoop.coop\/cudecoop\/wp-json\/wp\/v2\/comments?post=4386"}],"version-history":[{"count":1,"href":"https:\/\/www.cudecoop.coop\/cudecoop\/wp-json\/wp\/v2\/posts\/4386\/revisions"}],"predecessor-version":[{"id":4388,"href":"https:\/\/www.cudecoop.coop\/cudecoop\/wp-json\/wp\/v2\/posts\/4386\/revisions\/4388"}],"wp:featuredmedia":[{"embeddable":true,"href":"https:\/\/www.cudecoop.coop\/cudecoop\/wp-json\/wp\/v2\/media\/4387"}],"wp:attachment":[{"href":"https:\/\/www.cudecoop.coop\/cudecoop\/wp-json\/wp\/v2\/media?parent=4386"}],"wp:term":[{"taxonomy":"category","embeddable":true,"href":"https:\/\/www.cudecoop.coop\/cudecoop\/wp-json\/wp\/v2\/categories?post=4386"},{"taxonomy":"post_tag","embeddable":true,"href":"https:\/\/www.cudecoop.coop\/cudecoop\/wp-json\/wp\/v2\/tags?post=4386"}],"curies":[{"name":"wp","href":"https:\/\/api.w.org\/{rel}","templated":true}]}}