{"id":4368,"date":"2024-03-20T14:49:04","date_gmt":"2024-03-20T14:49:04","guid":{"rendered":"http:\/\/www.cudecoop.coop\/cudecoop\/?p=4368"},"modified":"2024-03-20T14:49:43","modified_gmt":"2024-03-20T14:49:43","slug":"programa-nacional-de-idiomas-inefop","status":"publish","type":"post","link":"https:\/\/www.cudecoop.coop\/cudecoop\/programa-nacional-de-idiomas-inefop\/","title":{"rendered":"Programa Nacional de Idiomas &#8211; Inefop"},"content":{"rendered":"<p>El Instituto Nacional de Empleo y Formaci\u00f3n Profesional &#8211; Inefop, lanz\u00f3 el Programa Nacional de Idiomas, una propuesta aplicable a personas y empresas o cooperativas que quieran formar a sus integrantes.<\/p>\n<p>El objetivo de este Programa es promover el desarrollo mediante el aprendizaje del idioma ingl\u00e9s para fortalecer las competencias individuales y facilitar la inserci\u00f3n laboral, mejorar la calidad de los servicios y favorecer la internacionalizaci\u00f3n de emprendimientos.&nbsp;<\/p>\n<p>La capacitaci\u00f3n est\u00e1 pensada para personas de entre 18 y 65 a\u00f1os que se encuentren en condici\u00f3n de actividad y cuyos ingresos no superen las 15 BPC y cooperativas y empresas con compromisos fiscales cumplidos, certificados vigentes y planillas al d\u00eda y actualizadas.&nbsp;<\/p>\n<p>El plazo de inscripci\u00f3n cierra el <strong>6 de abril<\/strong>.<\/p>\n<p>M\u00e1s informaci\u00f3n <a href=\"https:\/\/www.inefop.uy\/programa-ingles\">aqu\u00ed<\/a> o por el correo&nbsp;programaingles@inefop.org.uy&nbsp;<\/p>\n","protected":false},"excerpt":{"rendered":"<p>El Instituto Nacional de Empleo y Formaci\u00f3n Profesional &#8211; Inefop, lanz\u00f3 el Programa Nacional de Idiomas, una propuesta aplicable a personas y empresas o cooperativas que quieran formar a sus integrantes. El objetivo de este Programa es promover el desarrollo mediante el aprendizaje del idioma ingl\u00e9s para fortalecer las competencias individuales y facilitar la inserci\u00f3n laboral, mejorar la calidad de los servicios y favorecer la internacionalizaci\u00f3n de emprendimientos.&nbsp; La capacitaci\u00f3n est\u00e1 pensada para personas de entre 18 y 65 a\u00f1os que se encuentren en condici\u00f3n de actividad y cuyos ingresos no superen las 15 BPC y cooperativas y empresas con [&#8230;]<\/p>\n","protected":false},"author":27,"featured_media":4369,"comment_status":"open","ping_status":"open","sticky":false,"template":"","format":"standard","meta":{"_acf_changed":false,"ngg_post_thumbnail":0,"footnotes":""},"categories":[7,6,1],"tags":[],"class_list":["post-4368","post","type-post","status-publish","format-standard","has-post-thumbnail","hentry","category-cooperativas","category-institucionales","category-noticias"],"acf":[],"_links":{"self":[{"href":"https:\/\/www.cudecoop.coop\/cudecoop\/wp-json\/wp\/v2\/posts\/4368","targetHints":{"allow":["GET"]}}],"collection":[{"href":"https:\/\/www.cudecoop.coop\/cudecoop\/wp-json\/wp\/v2\/posts"}],"about":[{"href":"https:\/\/www.cudecoop.coop\/cudecoop\/wp-json\/wp\/v2\/types\/post"}],"author":[{"embeddable":true,"href":"https:\/\/www.cudecoop.coop\/cudecoop\/wp-json\/wp\/v2\/users\/27"}],"replies":[{"embeddable":true,"href":"https:\/\/www.cudecoop.coop\/cudecoop\/wp-json\/wp\/v2\/comments?post=4368"}],"version-history":[{"count":1,"href":"https:\/\/www.cudecoop.coop\/cudecoop\/wp-json\/wp\/v2\/posts\/4368\/revisions"}],"predecessor-version":[{"id":4370,"href":"https:\/\/www.cudecoop.coop\/cudecoop\/wp-json\/wp\/v2\/posts\/4368\/revisions\/4370"}],"wp:featuredmedia":[{"embeddable":true,"href":"https:\/\/www.cudecoop.coop\/cudecoop\/wp-json\/wp\/v2\/media\/4369"}],"wp:attachment":[{"href":"https:\/\/www.cudecoop.coop\/cudecoop\/wp-json\/wp\/v2\/media?parent=4368"}],"wp:term":[{"taxonomy":"category","embeddable":true,"href":"https:\/\/www.cudecoop.coop\/cudecoop\/wp-json\/wp\/v2\/categories?post=4368"},{"taxonomy":"post_tag","embeddable":true,"href":"https:\/\/www.cudecoop.coop\/cudecoop\/wp-json\/wp\/v2\/tags?post=4368"}],"curies":[{"name":"wp","href":"https:\/\/api.w.org\/{rel}","templated":true}]}}