{"id":4364,"date":"2024-04-02T16:08:02","date_gmt":"2024-04-02T16:08:02","guid":{"rendered":"http:\/\/www.cudecoop.coop\/cudecoop\/?p=4364"},"modified":"2024-08-21T18:24:51","modified_gmt":"2024-08-21T18:24:51","slug":"se-realizo-el-consejo-de-administracion-de-cooperativas-de-las-americas-en-colonia-del-sacramento","status":"publish","type":"post","link":"https:\/\/www.cudecoop.coop\/cudecoop\/se-realizo-el-consejo-de-administracion-de-cooperativas-de-las-americas-en-colonia-del-sacramento\/","title":{"rendered":"Se realiz\u00f3 el Consejo de Administraci\u00f3n de Cooperativas de las Am\u00e9ricas en Colonia del Sacramento"},"content":{"rendered":"<p>Durante&nbsp;los d\u00edas 11,&nbsp;12&nbsp;y 13 de marzo se realiz\u00f3 en Colonia del Sacramento,&nbsp;el Consejo de Administraci\u00f3n de Cooperativas de las Am\u00e9ricas, evento que reuni\u00f3 a cerca de 100 cooperativistas locales y de la regi\u00f3n.&nbsp;Esta actividad internacional inaugura la agenda cooperativa de Colonia, Capital Nacional del Cooperativismo durante 2024.<\/p>\n<p>En la ma\u00f1ana del lunes 11&nbsp;se llev\u00f3 a cabo la primera jornada de&nbsp;trabajo estrat\u00e9gico del&nbsp;Consejo de Administraci\u00f3n de&nbsp;Cooperativas de las Am\u00e9ricas,&nbsp;mientras que, en paralelo, en el Centro Cultural de la Intendencia&nbsp;tuvo lugar el 1er Encuentro de la Red&nbsp;de Incubadoras de Cooperativas que viene surgiendo de la experiencia de INCUBACOOP y en&nbsp;la que participaron referentes regionales. Luego de las actividades del Consejo, a la tarde, se realizaron diferentes encuentros&nbsp;de los Comit\u00e9s y Redes Sectoriales&nbsp;y Tem\u00e1ticos&nbsp;con reuniones, ponencias y trabajos en subgrupos que abordaron&nbsp;los desaf\u00edos cooperativos de la regi\u00f3n en clave de&nbsp;g\u00e9nero, juventud,&nbsp;salud e intercambios que convocaron a las distintas modalidades cooperativas&nbsp;(agrarias, ahorro y cr\u00e9dito, consumo, trabajo asociado y vivienda).&nbsp;Tambi\u00e9n tuvo espacio la reuni\u00f3n de Institutos P\u00fablicos de promoci\u00f3n y contralor cooperativo que preside el INACOOP.<\/p>\n<p>Al cierre de la jornada,&nbsp;se realiz\u00f3&nbsp;una&nbsp;Recepci\u00f3n de Delegaciones en el Centro Cultural Basti\u00f3n del Carmen, con presencia de distintas autoridades y dirigentes del cooperativismo del que participaron Carlos Moreira, intendente de Colonia; Pablo Mieres, ministro de Trabajo; Mart\u00edn Fern\u00e1ndez, presidente del Instituto Nacional del Cooperativismo; Ariel Guarco, presidente de la Alianza Cooperativa Internacional; Graciela Fern\u00e1ndez,&nbsp; presidenta de Cooperativas de las Am\u00e9ricas y Alicia Maneiro, presidenta de Cudecoop.&nbsp; El cierre de estas actividades estuvo a cargo del Coro Municipal de Colonia.&nbsp;<\/p>\n<p>El martes continuaron las actividades de&nbsp;planificaci\u00f3n estrat\u00e9gica regional&nbsp;con m\u00faltiples&nbsp;intercambios entre Consejeras\/os y Observadoras\/es de Cooperativas de las Am\u00e9ricas y se llev\u00f3 adelante una Reuni\u00f3n de Trabajo entre referentes del cooperativismo de consumo de la que participaron integrantes de la Federaci\u00f3n Uruguaya de Cooperativas de Consumo (FUCC), la Federaci\u00f3n Argentina de Cooperativas de Consumo (FACC) y el Comit\u00e9 Mundial de Cooperativas de Consumo (Consumer Co-operative Wildwide CCW)&nbsp;del que surgieron muchas iniciativas que abrir\u00e1n un campo de oportunidades para los negocios intercooperativos en y desde la regi\u00f3n.&nbsp;Esta jornada finaliz\u00f3 con una cena de confraternizaci\u00f3n acompa\u00f1ada de la Comparsa Dulces Guerreras de Colonia.&nbsp;<\/p>\n<p>En la jornada de cierre del mi\u00e9rcoles 13 se desarroll\u00f3 el Seminario&nbsp;\u201cAcelerar soluciones cooperativas interregionales para el acceso a los mercados&nbsp;hacia el A\u00f1o Internacional de las Cooperativas 2025\u201d&nbsp;coorganizado entre Coops de las Am\u00e9ricas y la CCW en la que se expusieron diversas perspectivas de la integraci\u00f3n cooperativa entre referentes de organizaciones de representaci\u00f3n nacionales y regionales de diversos sectores, y excelentes experiencias espec\u00edficas de cooperativas que vienen dando ejemplo en estas \u00e1reas. Tambi\u00e9n expusieron referentes de organismos internacionales como FAO, IICA, y la Representaci\u00f3n de Naciones Unidas en Uruguay. La jornada finaliz\u00f3 con un taller sobre perspectivas de integraci\u00f3n intermodal en el corto plazo. Tambi\u00e9n durante la jornada se organizaron diversas visitas a cooperativas del Departamento.<\/p>\n<p>Continuando con las actividades en nuestro pa\u00eds, durante jueves y viernes referentes del cooperativismo de consumo regional realizaron distintas visitas a cooperativas de Montevideo y participaron de reuniones de trabajo e intercambio en distintos espacios con autoridades nacionales y del movimiento cooperativo.&nbsp;<\/p>\n","protected":false},"excerpt":{"rendered":"<p>Durante&nbsp;los d\u00edas 11,&nbsp;12&nbsp;y 13 de marzo se realiz\u00f3 en Colonia del Sacramento,&nbsp;el Consejo de Administraci\u00f3n de Cooperativas de las Am\u00e9ricas, evento que reuni\u00f3 a cerca de 100 cooperativistas locales y de la regi\u00f3n.&nbsp;Esta actividad internacional inaugura la agenda cooperativa de Colonia, Capital Nacional del Cooperativismo durante 2024. En la ma\u00f1ana del lunes 11&nbsp;se llev\u00f3 a cabo la primera jornada de&nbsp;trabajo estrat\u00e9gico del&nbsp;Consejo de Administraci\u00f3n de&nbsp;Cooperativas de las Am\u00e9ricas,&nbsp;mientras que, en paralelo, en el Centro Cultural de la Intendencia&nbsp;tuvo lugar el 1er Encuentro de la Red&nbsp;de Incubadoras de Cooperativas que viene surgiendo de la experiencia de INCUBACOOP y en&nbsp;la que participaron [&#8230;]<\/p>\n","protected":false},"author":27,"featured_media":4373,"comment_status":"open","ping_status":"open","sticky":false,"template":"","format":"standard","meta":{"_acf_changed":false,"ngg_post_thumbnail":0,"footnotes":""},"categories":[7,6,1],"tags":[],"class_list":["post-4364","post","type-post","status-publish","format-standard","has-post-thumbnail","hentry","category-cooperativas","category-institucionales","category-noticias"],"acf":[],"_links":{"self":[{"href":"https:\/\/www.cudecoop.coop\/cudecoop\/wp-json\/wp\/v2\/posts\/4364","targetHints":{"allow":["GET"]}}],"collection":[{"href":"https:\/\/www.cudecoop.coop\/cudecoop\/wp-json\/wp\/v2\/posts"}],"about":[{"href":"https:\/\/www.cudecoop.coop\/cudecoop\/wp-json\/wp\/v2\/types\/post"}],"author":[{"embeddable":true,"href":"https:\/\/www.cudecoop.coop\/cudecoop\/wp-json\/wp\/v2\/users\/27"}],"replies":[{"embeddable":true,"href":"https:\/\/www.cudecoop.coop\/cudecoop\/wp-json\/wp\/v2\/comments?post=4364"}],"version-history":[{"count":5,"href":"https:\/\/www.cudecoop.coop\/cudecoop\/wp-json\/wp\/v2\/posts\/4364\/revisions"}],"predecessor-version":[{"id":4376,"href":"https:\/\/www.cudecoop.coop\/cudecoop\/wp-json\/wp\/v2\/posts\/4364\/revisions\/4376"}],"wp:featuredmedia":[{"embeddable":true,"href":"https:\/\/www.cudecoop.coop\/cudecoop\/wp-json\/wp\/v2\/media\/4373"}],"wp:attachment":[{"href":"https:\/\/www.cudecoop.coop\/cudecoop\/wp-json\/wp\/v2\/media?parent=4364"}],"wp:term":[{"taxonomy":"category","embeddable":true,"href":"https:\/\/www.cudecoop.coop\/cudecoop\/wp-json\/wp\/v2\/categories?post=4364"},{"taxonomy":"post_tag","embeddable":true,"href":"https:\/\/www.cudecoop.coop\/cudecoop\/wp-json\/wp\/v2\/tags?post=4364"}],"curies":[{"name":"wp","href":"https:\/\/api.w.org\/{rel}","templated":true}]}}