{"id":4358,"date":"2024-03-07T18:39:35","date_gmt":"2024-03-07T18:39:35","guid":{"rendered":"http:\/\/www.cudecoop.coop\/cudecoop\/?p=4358"},"modified":"2024-04-01T19:41:54","modified_gmt":"2024-04-01T19:41:54","slug":"comunicado-8m-comision-de-genero-cudecoop","status":"publish","type":"post","link":"https:\/\/www.cudecoop.coop\/cudecoop\/comunicado-8m-comision-de-genero-cudecoop\/","title":{"rendered":"Comunicado 8M &#8211; Comisi\u00f3n de G\u00e9nero Cudecoop"},"content":{"rendered":"<p><b>Cooperativismo = G\u00e9nero<\/b><\/p>\n<p><span style=\"font-weight: 400;\">Con motivo del 8 de marzo, D\u00eda Internacional de la Mujer, hacemos llegar nuestro saludo a todas las mujeres que con su trabajo y uni\u00f3n impulsan al movimiento cooperativo.&nbsp;<\/span><\/p>\n<p><span style=\"font-weight: 400;\">Desde la Comisi\u00f3n de G\u00e9nero de Cudecoop, asumimos el compromiso de continuar avanzando en el desarrollo igualitario de derechos, apostando al fortalecimiento en materia de g\u00e9nero y equidad.&nbsp;&nbsp;<\/span><\/p>\n<p><span style=\"font-weight: 400;\">Entendemos necesario y urgente invertir por y para las mujeres, para su fortalecimiento y necesaria autonom\u00eda econ\u00f3mica. En base a esto adherimos al comunicado de ONU MUJERES bajo el lema \u201cInvertir en las mujeres, acelerar el progreso\u201d.&nbsp;<\/span><\/p>\n<p><span style=\"font-weight: 400;\">Este 2024, a\u00f1o electoral en nuestro pa\u00eds, estamos comprometidas a incidir en pol\u00edticas de g\u00e9nero e igualdad en la presentaci\u00f3n de las Propuestas Program\u00e1ticas del movimiento cooperativo a los candidatos presidenciables, buscando as\u00ed nuevos espacios de representaci\u00f3n y sost\u00e9n.&nbsp;<\/span><\/p>\n<p><span style=\"font-weight: 400;\">Desde nuestro lugar, convocamos a participar de la marcha del 8M y adherir al Paro Nacional de Mujeres.&nbsp;<\/span><\/p>\n<p><span style=\"font-weight: 400;\">Una vez m\u00e1s, reforzamos nuestro compromiso con mujeres y ni\u00f1as vinculadas al cooperativismo y continuamos con la convicci\u00f3n de que <\/span><b>Cooperativismo = G\u00e9nero<\/b><span style=\"font-weight: 400;\">.<\/span><\/p>\n","protected":false},"excerpt":{"rendered":"<p>Cooperativismo = G\u00e9nero Con motivo del 8 de marzo, D\u00eda Internacional de la Mujer, hacemos llegar nuestro saludo a todas las mujeres que con su trabajo y uni\u00f3n impulsan al movimiento cooperativo.&nbsp; Desde la Comisi\u00f3n de G\u00e9nero de Cudecoop, asumimos el compromiso de continuar avanzando en el desarrollo igualitario de derechos, apostando al fortalecimiento en materia de g\u00e9nero y equidad.&nbsp;&nbsp; Entendemos necesario y urgente invertir por y para las mujeres, para su fortalecimiento y necesaria autonom\u00eda econ\u00f3mica. En base a esto adherimos al comunicado de ONU MUJERES bajo el lema \u201cInvertir en las mujeres, acelerar el progreso\u201d.&nbsp; Este 2024, a\u00f1o [&#8230;]<\/p>\n","protected":false},"author":27,"featured_media":4359,"comment_status":"open","ping_status":"open","sticky":false,"template":"","format":"standard","meta":{"_acf_changed":false,"ngg_post_thumbnail":0,"footnotes":""},"categories":[7,6,1],"tags":[],"class_list":["post-4358","post","type-post","status-publish","format-standard","has-post-thumbnail","hentry","category-cooperativas","category-institucionales","category-noticias"],"acf":[],"_links":{"self":[{"href":"https:\/\/www.cudecoop.coop\/cudecoop\/wp-json\/wp\/v2\/posts\/4358","targetHints":{"allow":["GET"]}}],"collection":[{"href":"https:\/\/www.cudecoop.coop\/cudecoop\/wp-json\/wp\/v2\/posts"}],"about":[{"href":"https:\/\/www.cudecoop.coop\/cudecoop\/wp-json\/wp\/v2\/types\/post"}],"author":[{"embeddable":true,"href":"https:\/\/www.cudecoop.coop\/cudecoop\/wp-json\/wp\/v2\/users\/27"}],"replies":[{"embeddable":true,"href":"https:\/\/www.cudecoop.coop\/cudecoop\/wp-json\/wp\/v2\/comments?post=4358"}],"version-history":[{"count":1,"href":"https:\/\/www.cudecoop.coop\/cudecoop\/wp-json\/wp\/v2\/posts\/4358\/revisions"}],"predecessor-version":[{"id":4360,"href":"https:\/\/www.cudecoop.coop\/cudecoop\/wp-json\/wp\/v2\/posts\/4358\/revisions\/4360"}],"wp:featuredmedia":[{"embeddable":true,"href":"https:\/\/www.cudecoop.coop\/cudecoop\/wp-json\/wp\/v2\/media\/4359"}],"wp:attachment":[{"href":"https:\/\/www.cudecoop.coop\/cudecoop\/wp-json\/wp\/v2\/media?parent=4358"}],"wp:term":[{"taxonomy":"category","embeddable":true,"href":"https:\/\/www.cudecoop.coop\/cudecoop\/wp-json\/wp\/v2\/categories?post=4358"},{"taxonomy":"post_tag","embeddable":true,"href":"https:\/\/www.cudecoop.coop\/cudecoop\/wp-json\/wp\/v2\/tags?post=4358"}],"curies":[{"name":"wp","href":"https:\/\/api.w.org\/{rel}","templated":true}]}}