{"id":4333,"date":"2024-02-05T19:22:17","date_gmt":"2024-02-05T19:22:17","guid":{"rendered":"http:\/\/www.cudecoop.coop\/cudecoop\/?p=4333"},"modified":"2024-02-05T19:36:19","modified_gmt":"2024-02-05T19:36:19","slug":"llamado-a-promotor-a-de-maldonado","status":"publish","type":"post","link":"https:\/\/www.cudecoop.coop\/cudecoop\/llamado-a-promotor-a-de-maldonado\/","title":{"rendered":"Llamado a Promotor\/a para Maldonado"},"content":{"rendered":"<p>El objetivo general es contribuir al&nbsp;<strong>desarrollo y fortalecimiento del Movimiento Cooperativo en todo el territorio naciona<\/strong>l, generando y promoviendo espacios de articulaci\u00f3n y coordinaci\u00f3n del cooperativismo&nbsp;<strong>en perspectiva sectorial, nacional e internacional<\/strong><\/p>\n<p>Es excluyente que residan en el Departamento a trabajar y que&nbsp;tengan facturaci\u00f3n activa para el cobro de honorarios, as\u00ed como disponibilidad para cumplir con actividades y reuniones en todo el territorio nacional.&nbsp;<\/p>\n<p><strong>Cierre del llamado<\/strong>: 19 de febrero 2024<\/p>\n<p>Por favor, al momento de enviar la informaci\u00f3n solicitada v\u00eda correo electr\u00f3nico, detallar en el <strong>asunto<\/strong> puesto y Departamento al que postula.<\/p>\n<p>Ver los T\u00e9rminos de Referencia aqu\u00ed&nbsp;<\/p>\n<p><a href=\"http:\/\/www.cudecoop.coop\/cudecoop\/wp-content\/uploads\/2024\/02\/TdeR_Bases_Maldonado.pdf\">TdeR_Bases_Maldonado<\/a><\/p>\n<p>&nbsp;<\/p>\n<p>&nbsp;<\/p>\n","protected":false},"excerpt":{"rendered":"<p>El objetivo general es contribuir al&nbsp;desarrollo y fortalecimiento del Movimiento Cooperativo en todo el territorio nacional, generando y promoviendo espacios de articulaci\u00f3n y coordinaci\u00f3n del cooperativismo&nbsp;en perspectiva sectorial, nacional e internacional Es excluyente que residan en el Departamento a trabajar y que&nbsp;tengan facturaci\u00f3n activa para el cobro de honorarios, as\u00ed como disponibilidad para cumplir con actividades y reuniones en todo el territorio nacional.&nbsp; Cierre del llamado: 19 de febrero 2024 Por favor, al momento de enviar la informaci\u00f3n solicitada v\u00eda correo electr\u00f3nico, detallar en el asunto puesto y Departamento al que postula. Ver los T\u00e9rminos de Referencia aqu\u00ed&nbsp; TdeR_Bases_Maldonado &nbsp; [&#8230;]<\/p>\n","protected":false},"author":27,"featured_media":0,"comment_status":"open","ping_status":"open","sticky":false,"template":"","format":"standard","meta":{"_acf_changed":false,"ngg_post_thumbnail":0,"footnotes":""},"categories":[7,6,1],"tags":[],"class_list":["post-4333","post","type-post","status-publish","format-standard","hentry","category-cooperativas","category-institucionales","category-noticias"],"acf":[],"_links":{"self":[{"href":"https:\/\/www.cudecoop.coop\/cudecoop\/wp-json\/wp\/v2\/posts\/4333","targetHints":{"allow":["GET"]}}],"collection":[{"href":"https:\/\/www.cudecoop.coop\/cudecoop\/wp-json\/wp\/v2\/posts"}],"about":[{"href":"https:\/\/www.cudecoop.coop\/cudecoop\/wp-json\/wp\/v2\/types\/post"}],"author":[{"embeddable":true,"href":"https:\/\/www.cudecoop.coop\/cudecoop\/wp-json\/wp\/v2\/users\/27"}],"replies":[{"embeddable":true,"href":"https:\/\/www.cudecoop.coop\/cudecoop\/wp-json\/wp\/v2\/comments?post=4333"}],"version-history":[{"count":4,"href":"https:\/\/www.cudecoop.coop\/cudecoop\/wp-json\/wp\/v2\/posts\/4333\/revisions"}],"predecessor-version":[{"id":4345,"href":"https:\/\/www.cudecoop.coop\/cudecoop\/wp-json\/wp\/v2\/posts\/4333\/revisions\/4345"}],"wp:attachment":[{"href":"https:\/\/www.cudecoop.coop\/cudecoop\/wp-json\/wp\/v2\/media?parent=4333"}],"wp:term":[{"taxonomy":"category","embeddable":true,"href":"https:\/\/www.cudecoop.coop\/cudecoop\/wp-json\/wp\/v2\/categories?post=4333"},{"taxonomy":"post_tag","embeddable":true,"href":"https:\/\/www.cudecoop.coop\/cudecoop\/wp-json\/wp\/v2\/tags?post=4333"}],"curies":[{"name":"wp","href":"https:\/\/api.w.org\/{rel}","templated":true}]}}