{"id":4329,"date":"2023-12-23T16:53:09","date_gmt":"2023-12-23T16:53:09","guid":{"rendered":"http:\/\/www.cudecoop.coop\/cudecoop\/?p=4329"},"modified":"2023-12-23T16:53:09","modified_gmt":"2023-12-23T16:53:09","slug":"saludo-de-fin-de-ano-2023","status":"publish","type":"post","link":"https:\/\/www.cudecoop.coop\/cudecoop\/saludo-de-fin-de-ano-2023\/","title":{"rendered":"Saludo de fin de a\u00f1o 2023"},"content":{"rendered":"<div class=\"gmail_default\">Estamos cerrando el a\u00f1o de nuestro 35 aniversario.<\/div>\n<div class=\"gmail_default\">&nbsp;<\/div>\n<div class=\"gmail_default\">Este 2023 ha estado&nbsp;marcado por m\u00faltiples esfuerzos en el sentido de consolidar<\/div>\n<div class=\"gmail_default\">y seguir profundizando el desarrollo cooperativo nacional y regional.<\/div>\n<div class=\"gmail_default\">&nbsp;<\/div>\n<div class=\"gmail_default\">Entre algunos de los temas que hemos trabajado fuertemente se destacan:<br \/>\n* aggiornamiento de nuestros Estatutos como Confederaci\u00f3n<\/div>\n<div class=\"gmail_default\">* la igualdad de g\u00e9nero y la formaci\u00f3n pol\u00edtica de las mujeres cooperativistas;<br \/>\n* la sostenibilidad ambiental y la visibilidad del rol cooperativo en este campo;<br \/>\n* mejorar las herramientas para la negociaci\u00f3n colectiva en las cooperativas;<\/div>\n<div class=\"gmail_default\">* la formaci\u00f3n de dirigentes y t\u00e9cnicos del Movimiento, en particular en el Interior;<br \/>\n* generar nuevas alianzas estrat\u00e9gicas para el desarrollo social, econ\u00f3mico y ambiental;<br \/>\n* continuar reformando nuestro marco normativo para hacer m\u00e1s potente al cooperativismo;<br \/>\n* seguir estimulando la creaci\u00f3n y desarrollo de cooperativas lideradas por personas j\u00f3venes;<br \/>\n* seguir impulsando un modelo de consumo cooperativo sostenible;<br \/>\n* mejorar y difundir las herramientas de pol\u00edtica p\u00fablica dirigidas al sector;<br \/>\n* sostener el liderazgo uruguayo en el desarrollo cooperativo continental;<\/div>\n<div class=\"gmail_default\">entre muchos otros.<\/p>\n<p>Para este 2024 se viene la concreci\u00f3n colectiva de nuestras Propuestas Program\u00e1ticas para los Partidos Pol\u00edticos que concurrir\u00e1n en las pr\u00f3ximas elecciones nacionales; una 12va edici\u00f3n del Curso de Especialista en Gesti\u00f3n Cooperativa junto a la Facultad de Ciencias Econ\u00f3micas y Administraci\u00f3n de UDELAR; un 7mo Seminario Nacional de Derecho Cooperativo; la agenda de trabajo en el marco de Colonia &#8211; Capital Nacional del Cooperativismo, la realizaci\u00f3n del&nbsp;Consejo de Administraci\u00f3n de Cooperativas de las Am\u00e9ricas en marzo, un nuevo Encuentro Nacional de G\u00e9nero y Cooperativismo, entre otras iniciativas.<\/p>\n<p>Agradecemos a toda la comunidad cooperativa y a nuestros aliados, por su compromiso y esfuerzo, y les invitamos a profundizar las acciones conjuntas en el pr\u00f3ximo a\u00f1o.<\/p>\n<\/div>\n<div class=\"gmail_default\">Para todas y todos, nuestros deseos de paz y amor en estas fiestas y un excelente comienzo de a\u00f1o.&nbsp;<\/div>\n","protected":false},"excerpt":{"rendered":"<p>Estamos cerrando el a\u00f1o de nuestro 35 aniversario. &nbsp; Este 2023 ha estado&nbsp;marcado por m\u00faltiples esfuerzos en el sentido de consolidar y seguir profundizando el desarrollo cooperativo nacional y regional. &nbsp; Entre algunos de los temas que hemos trabajado fuertemente se destacan:<br \/> * aggiornamiento de nuestros Estatutos como Confederaci\u00f3n * la igualdad de g\u00e9nero y la formaci\u00f3n pol\u00edtica de las mujeres cooperativistas;<br \/> * la sostenibilidad ambiental y la visibilidad del rol cooperativo en este campo;<br \/> * mejorar las herramientas para la negociaci\u00f3n colectiva en las cooperativas; * la formaci\u00f3n de dirigentes y t\u00e9cnicos del Movimiento, en particular [&#8230;]<\/p>\n","protected":false},"author":27,"featured_media":4330,"comment_status":"open","ping_status":"open","sticky":false,"template":"","format":"standard","meta":{"_acf_changed":false,"ngg_post_thumbnail":0,"footnotes":""},"categories":[7,6,1],"tags":[],"class_list":["post-4329","post","type-post","status-publish","format-standard","has-post-thumbnail","hentry","category-cooperativas","category-institucionales","category-noticias"],"acf":[],"_links":{"self":[{"href":"https:\/\/www.cudecoop.coop\/cudecoop\/wp-json\/wp\/v2\/posts\/4329","targetHints":{"allow":["GET"]}}],"collection":[{"href":"https:\/\/www.cudecoop.coop\/cudecoop\/wp-json\/wp\/v2\/posts"}],"about":[{"href":"https:\/\/www.cudecoop.coop\/cudecoop\/wp-json\/wp\/v2\/types\/post"}],"author":[{"embeddable":true,"href":"https:\/\/www.cudecoop.coop\/cudecoop\/wp-json\/wp\/v2\/users\/27"}],"replies":[{"embeddable":true,"href":"https:\/\/www.cudecoop.coop\/cudecoop\/wp-json\/wp\/v2\/comments?post=4329"}],"version-history":[{"count":1,"href":"https:\/\/www.cudecoop.coop\/cudecoop\/wp-json\/wp\/v2\/posts\/4329\/revisions"}],"predecessor-version":[{"id":4331,"href":"https:\/\/www.cudecoop.coop\/cudecoop\/wp-json\/wp\/v2\/posts\/4329\/revisions\/4331"}],"wp:featuredmedia":[{"embeddable":true,"href":"https:\/\/www.cudecoop.coop\/cudecoop\/wp-json\/wp\/v2\/media\/4330"}],"wp:attachment":[{"href":"https:\/\/www.cudecoop.coop\/cudecoop\/wp-json\/wp\/v2\/media?parent=4329"}],"wp:term":[{"taxonomy":"category","embeddable":true,"href":"https:\/\/www.cudecoop.coop\/cudecoop\/wp-json\/wp\/v2\/categories?post=4329"},{"taxonomy":"post_tag","embeddable":true,"href":"https:\/\/www.cudecoop.coop\/cudecoop\/wp-json\/wp\/v2\/tags?post=4329"}],"curies":[{"name":"wp","href":"https:\/\/api.w.org\/{rel}","templated":true}]}}